{"id":6084,"date":"2022-11-04T11:01:57","date_gmt":"2022-11-04T11:01:57","guid":{"rendered":"https:\/\/pnc.polegarmente.me\/?p=6084"},"modified":"2022-11-04T11:03:03","modified_gmt":"2022-11-04T11:03:03","slug":"6084","status":"publish","type":"post","link":"https:\/\/pnc.polegarmente.me\/index.php\/2022\/11\/04\/6084\/","title":{"rendered":"REGINA PESSOA: Pr\u00e9mio B\u00e1rbara Virg\u00ednia"},"content":{"rendered":"\n<figure class=\"wp-block-image size-large\"><a href=\"https:\/\/pnc.polegarmente.me\/wp-content\/uploads\/2022\/11\/312941069_5617549318336988_3224136633561328704_n.jpg\"><img loading=\"lazy\" width=\"1024\" height=\"1024\" src=\"https:\/\/pnc.polegarmente.me\/wp-content\/uploads\/2022\/11\/312941069_5617549318336988_3224136633561328704_n-1024x1024.jpg\" alt=\"\" class=\"wp-image-6085\" srcset=\"https:\/\/pnc.polegarmente.me\/wp-content\/uploads\/2022\/11\/312941069_5617549318336988_3224136633561328704_n-1024x1024.jpg 1024w, https:\/\/pnc.polegarmente.me\/wp-content\/uploads\/2022\/11\/312941069_5617549318336988_3224136633561328704_n-300x300.jpg 300w, https:\/\/pnc.polegarmente.me\/wp-content\/uploads\/2022\/11\/312941069_5617549318336988_3224136633561328704_n-150x150.jpg 150w, https:\/\/pnc.polegarmente.me\/wp-content\/uploads\/2022\/11\/312941069_5617549318336988_3224136633561328704_n-768x768.jpg 768w, https:\/\/pnc.polegarmente.me\/wp-content\/uploads\/2022\/11\/312941069_5617549318336988_3224136633561328704_n.jpg 1080w\" sizes=\"(max-width: 1024px) 100vw, 1024px\" \/><\/a><\/figure>\n\n\n\n<p>A Academia Portuguesa de Cinema conceder\u00e1 hoje, na Cinemateca-Museu do Cinema, o Pr\u00e9mio B\u00e1rbara Virg\u00ednia \u00e0 inigual\u00e1vel REGINA PESSOA.<\/p>\n\n\n\n<div class=\"wp-block-image\"><figure class=\"aligncenter size-large\"><a href=\"https:\/\/pnc.polegarmente.me\/wp-content\/uploads\/2022\/11\/Abi-e-Regina-056-scaled.jpg\"><img loading=\"lazy\" width=\"681\" height=\"1024\" src=\"https:\/\/pnc.polegarmente.me\/wp-content\/uploads\/2022\/11\/Abi-e-Regina-056-681x1024.jpg\" alt=\"\" class=\"wp-image-6086\" srcset=\"https:\/\/pnc.polegarmente.me\/wp-content\/uploads\/2022\/11\/Abi-e-Regina-056-681x1024.jpg 681w, https:\/\/pnc.polegarmente.me\/wp-content\/uploads\/2022\/11\/Abi-e-Regina-056-199x300.jpg 199w, https:\/\/pnc.polegarmente.me\/wp-content\/uploads\/2022\/11\/Abi-e-Regina-056-768x1155.jpg 768w, https:\/\/pnc.polegarmente.me\/wp-content\/uploads\/2022\/11\/Abi-e-Regina-056-1021x1536.jpg 1021w, https:\/\/pnc.polegarmente.me\/wp-content\/uploads\/2022\/11\/Abi-e-Regina-056-1362x2048.jpg 1362w, https:\/\/pnc.polegarmente.me\/wp-content\/uploads\/2022\/11\/Abi-e-Regina-056-scaled.jpg 1702w\" sizes=\"(max-width: 681px) 100vw, 681px\" \/><\/a><\/figure><\/div>\n\n\n\n<figure class=\"wp-block-image size-large\"><a href=\"https:\/\/pnc.polegarmente.me\/wp-content\/uploads\/2022\/11\/186564290_2952847604985448_3237336396920448992_n.jpg\"><img loading=\"lazy\" width=\"1024\" height=\"681\" src=\"https:\/\/pnc.polegarmente.me\/wp-content\/uploads\/2022\/11\/186564290_2952847604985448_3237336396920448992_n-1024x681.jpg\" alt=\"\" class=\"wp-image-6087\" srcset=\"https:\/\/pnc.polegarmente.me\/wp-content\/uploads\/2022\/11\/186564290_2952847604985448_3237336396920448992_n-1024x681.jpg 1024w, https:\/\/pnc.polegarmente.me\/wp-content\/uploads\/2022\/11\/186564290_2952847604985448_3237336396920448992_n-300x200.jpg 300w, https:\/\/pnc.polegarmente.me\/wp-content\/uploads\/2022\/11\/186564290_2952847604985448_3237336396920448992_n-768x511.jpg 768w, https:\/\/pnc.polegarmente.me\/wp-content\/uploads\/2022\/11\/186564290_2952847604985448_3237336396920448992_n-1536x1021.jpg 1536w, https:\/\/pnc.polegarmente.me\/wp-content\/uploads\/2022\/11\/186564290_2952847604985448_3237336396920448992_n-450x300.jpg 450w, https:\/\/pnc.polegarmente.me\/wp-content\/uploads\/2022\/11\/186564290_2952847604985448_3237336396920448992_n.jpg 1800w\" sizes=\"(max-width: 1024px) 100vw, 1024px\" \/><\/a><\/figure>\n\n\n\n<figure class=\"wp-block-image size-large\"><a href=\"https:\/\/pnc.polegarmente.me\/wp-content\/uploads\/2022\/11\/187433352_2952849401651935_3523227622252943812_n.jpg\"><img loading=\"lazy\" width=\"1024\" height=\"719\" src=\"https:\/\/pnc.polegarmente.me\/wp-content\/uploads\/2022\/11\/187433352_2952849401651935_3523227622252943812_n-1024x719.jpg\" alt=\"\" class=\"wp-image-6088\" srcset=\"https:\/\/pnc.polegarmente.me\/wp-content\/uploads\/2022\/11\/187433352_2952849401651935_3523227622252943812_n-1024x719.jpg 1024w, https:\/\/pnc.polegarmente.me\/wp-content\/uploads\/2022\/11\/187433352_2952849401651935_3523227622252943812_n-300x211.jpg 300w, https:\/\/pnc.polegarmente.me\/wp-content\/uploads\/2022\/11\/187433352_2952849401651935_3523227622252943812_n-768x539.jpg 768w, https:\/\/pnc.polegarmente.me\/wp-content\/uploads\/2022\/11\/187433352_2952849401651935_3523227622252943812_n-1536x1078.jpg 1536w, https:\/\/pnc.polegarmente.me\/wp-content\/uploads\/2022\/11\/187433352_2952849401651935_3523227622252943812_n.jpg 1767w\" sizes=\"(max-width: 1024px) 100vw, 1024px\" \/><\/a><\/figure>\n\n\n\n<p>H\u00e1 uma voca\u00e7\u00e3o filos\u00f3fica nos filmes de Regina Pessoa, concebidos enquanto \u201claborat\u00f3rios de cria\u00e7\u00e3o\u201d, de explora\u00e7\u00e3o e de descoberta de si e dos outros, ancorados em temas e problemas<br>pessoais e universais.<br>Neste contexto, fruir e refletir sobre os seus filmes, dentro e fora da(s) escola(s), afigura-se-me como um imperativo est\u00e9tico e \u00e9tico.<br>A menina-artes\u00e3 das imagens moventes, nascida na aldeia de Vila Nova de Outil, continuar\u00e1 a voar nas\/com as suas anima\u00e7\u00f5es po\u00e9tico-filos\u00f3ficas. E, quem sabe, talvez haja uma linguagem<br>do \u201ccora\u00e7\u00e3o\u201d nas imagens [co]moventes de Regina Pessoa.<\/p>\n\n\n\n<p>Elsa Cerqueira, As Imagens Moventes de Regina Pessoa. In Caixa de Brinquedos \u00d3pticos.<\/p>\n\n\n\n<div class=\"wp-block-image\"><figure class=\"aligncenter size-large\"><a href=\"https:\/\/pnc.polegarmente.me\/wp-content\/uploads\/2022\/11\/Abi-Regina-Ciclope-007-1-scaled.jpg\"><img loading=\"lazy\" width=\"1024\" height=\"684\" src=\"https:\/\/pnc.polegarmente.me\/wp-content\/uploads\/2022\/11\/Abi-Regina-Ciclope-007-1-1024x684.jpg\" alt=\"\" class=\"wp-image-6090\" srcset=\"https:\/\/pnc.polegarmente.me\/wp-content\/uploads\/2022\/11\/Abi-Regina-Ciclope-007-1-1024x684.jpg 1024w, https:\/\/pnc.polegarmente.me\/wp-content\/uploads\/2022\/11\/Abi-Regina-Ciclope-007-1-300x201.jpg 300w, https:\/\/pnc.polegarmente.me\/wp-content\/uploads\/2022\/11\/Abi-Regina-Ciclope-007-1-768x513.jpg 768w, https:\/\/pnc.polegarmente.me\/wp-content\/uploads\/2022\/11\/Abi-Regina-Ciclope-007-1-1536x1027.jpg 1536w, https:\/\/pnc.polegarmente.me\/wp-content\/uploads\/2022\/11\/Abi-Regina-Ciclope-007-1-2048x1369.jpg 2048w, https:\/\/pnc.polegarmente.me\/wp-content\/uploads\/2022\/11\/Abi-Regina-Ciclope-007-1-450x300.jpg 450w\" sizes=\"(max-width: 1024px) 100vw, 1024px\" \/><\/a><\/figure><\/div>\n\n\n\n<figure class=\"wp-block-image size-large\"><a href=\"https:\/\/pnc.polegarmente.me\/wp-content\/uploads\/2022\/11\/DSC_0186-scaled.jpg\"><img loading=\"lazy\" width=\"1024\" height=\"684\" src=\"https:\/\/pnc.polegarmente.me\/wp-content\/uploads\/2022\/11\/DSC_0186-1024x684.jpg\" alt=\"\" class=\"wp-image-6091\" srcset=\"https:\/\/pnc.polegarmente.me\/wp-content\/uploads\/2022\/11\/DSC_0186-1024x684.jpg 1024w, https:\/\/pnc.polegarmente.me\/wp-content\/uploads\/2022\/11\/DSC_0186-300x201.jpg 300w, https:\/\/pnc.polegarmente.me\/wp-content\/uploads\/2022\/11\/DSC_0186-768x513.jpg 768w, https:\/\/pnc.polegarmente.me\/wp-content\/uploads\/2022\/11\/DSC_0186-1536x1027.jpg 1536w, https:\/\/pnc.polegarmente.me\/wp-content\/uploads\/2022\/11\/DSC_0186-2048x1369.jpg 2048w, https:\/\/pnc.polegarmente.me\/wp-content\/uploads\/2022\/11\/DSC_0186-450x300.jpg 450w\" sizes=\"(max-width: 1024px) 100vw, 1024px\" \/><\/a><\/figure>\n\n\n\n<figure class=\"wp-block-image size-large\"><a href=\"https:\/\/pnc.polegarmente.me\/wp-content\/uploads\/2022\/11\/DSC_0341-scaled.jpg\"><img loading=\"lazy\" width=\"1024\" height=\"684\" src=\"https:\/\/pnc.polegarmente.me\/wp-content\/uploads\/2022\/11\/DSC_0341-1024x684.jpg\" alt=\"\" class=\"wp-image-6092\" srcset=\"https:\/\/pnc.polegarmente.me\/wp-content\/uploads\/2022\/11\/DSC_0341-1024x684.jpg 1024w, https:\/\/pnc.polegarmente.me\/wp-content\/uploads\/2022\/11\/DSC_0341-300x201.jpg 300w, https:\/\/pnc.polegarmente.me\/wp-content\/uploads\/2022\/11\/DSC_0341-768x513.jpg 768w, https:\/\/pnc.polegarmente.me\/wp-content\/uploads\/2022\/11\/DSC_0341-1536x1027.jpg 1536w, https:\/\/pnc.polegarmente.me\/wp-content\/uploads\/2022\/11\/DSC_0341-2048x1369.jpg 2048w, https:\/\/pnc.polegarmente.me\/wp-content\/uploads\/2022\/11\/DSC_0341-450x300.jpg 450w\" sizes=\"(max-width: 1024px) 100vw, 1024px\" \/><\/a><\/figure>\n\n\n\n<figure class=\"wp-block-image size-full\"><a href=\"https:\/\/pnc.polegarmente.me\/wp-content\/uploads\/2022\/11\/DSC_0968-1024x660-1.jpg\"><img loading=\"lazy\" width=\"1024\" height=\"660\" src=\"https:\/\/pnc.polegarmente.me\/wp-content\/uploads\/2022\/11\/DSC_0968-1024x660-1.jpg\" alt=\"\" class=\"wp-image-6093\" srcset=\"https:\/\/pnc.polegarmente.me\/wp-content\/uploads\/2022\/11\/DSC_0968-1024x660-1.jpg 1024w, https:\/\/pnc.polegarmente.me\/wp-content\/uploads\/2022\/11\/DSC_0968-1024x660-1-300x193.jpg 300w, https:\/\/pnc.polegarmente.me\/wp-content\/uploads\/2022\/11\/DSC_0968-1024x660-1-768x495.jpg 768w\" sizes=\"(max-width: 1024px) 100vw, 1024px\" \/><\/a><\/figure>\n\n\n\n<figure class=\"wp-block-image size-large\"><a href=\"https:\/\/pnc.polegarmente.me\/wp-content\/uploads\/2022\/11\/Jantar-e-Sessao-de-Joana-Quinn-003-2-scaled.jpg\"><img loading=\"lazy\" width=\"1024\" height=\"684\" src=\"https:\/\/pnc.polegarmente.me\/wp-content\/uploads\/2022\/11\/Jantar-e-Sessao-de-Joana-Quinn-003-2-1024x684.jpg\" alt=\"\" class=\"wp-image-6094\" srcset=\"https:\/\/pnc.polegarmente.me\/wp-content\/uploads\/2022\/11\/Jantar-e-Sessao-de-Joana-Quinn-003-2-1024x684.jpg 1024w, https:\/\/pnc.polegarmente.me\/wp-content\/uploads\/2022\/11\/Jantar-e-Sessao-de-Joana-Quinn-003-2-300x201.jpg 300w, https:\/\/pnc.polegarmente.me\/wp-content\/uploads\/2022\/11\/Jantar-e-Sessao-de-Joana-Quinn-003-2-768x513.jpg 768w, https:\/\/pnc.polegarmente.me\/wp-content\/uploads\/2022\/11\/Jantar-e-Sessao-de-Joana-Quinn-003-2-1536x1027.jpg 1536w, https:\/\/pnc.polegarmente.me\/wp-content\/uploads\/2022\/11\/Jantar-e-Sessao-de-Joana-Quinn-003-2-2048x1369.jpg 2048w, https:\/\/pnc.polegarmente.me\/wp-content\/uploads\/2022\/11\/Jantar-e-Sessao-de-Joana-Quinn-003-2-450x300.jpg 450w\" sizes=\"(max-width: 1024px) 100vw, 1024px\" \/><\/a><\/figure>\n\n\n\n<figure class=\"wp-block-image size-large\"><a href=\"https:\/\/pnc.polegarmente.me\/wp-content\/uploads\/2022\/11\/Abi-Caide-de-Rei-043-scaled.jpg\"><img loading=\"lazy\" width=\"1024\" height=\"684\" src=\"https:\/\/pnc.polegarmente.me\/wp-content\/uploads\/2022\/11\/Abi-Caide-de-Rei-043-1024x684.jpg\" alt=\"\" class=\"wp-image-6095\" srcset=\"https:\/\/pnc.polegarmente.me\/wp-content\/uploads\/2022\/11\/Abi-Caide-de-Rei-043-1024x684.jpg 1024w, https:\/\/pnc.polegarmente.me\/wp-content\/uploads\/2022\/11\/Abi-Caide-de-Rei-043-300x201.jpg 300w, https:\/\/pnc.polegarmente.me\/wp-content\/uploads\/2022\/11\/Abi-Caide-de-Rei-043-768x513.jpg 768w, https:\/\/pnc.polegarmente.me\/wp-content\/uploads\/2022\/11\/Abi-Caide-de-Rei-043-1536x1027.jpg 1536w, https:\/\/pnc.polegarmente.me\/wp-content\/uploads\/2022\/11\/Abi-Caide-de-Rei-043-2048x1369.jpg 2048w, https:\/\/pnc.polegarmente.me\/wp-content\/uploads\/2022\/11\/Abi-Caide-de-Rei-043-450x300.jpg 450w\" sizes=\"(max-width: 1024px) 100vw, 1024px\" \/><\/a><\/figure>\n\n\n\n<figure class=\"wp-block-image size-large\"><a href=\"https:\/\/pnc.polegarmente.me\/wp-content\/uploads\/2022\/11\/FMA-22-Abertura-031-scaled.jpg\"><img loading=\"lazy\" width=\"1024\" height=\"725\" src=\"https:\/\/pnc.polegarmente.me\/wp-content\/uploads\/2022\/11\/FMA-22-Abertura-031-1024x725.jpg\" alt=\"\" class=\"wp-image-6096\" srcset=\"https:\/\/pnc.polegarmente.me\/wp-content\/uploads\/2022\/11\/FMA-22-Abertura-031-1024x725.jpg 1024w, https:\/\/pnc.polegarmente.me\/wp-content\/uploads\/2022\/11\/FMA-22-Abertura-031-300x212.jpg 300w, https:\/\/pnc.polegarmente.me\/wp-content\/uploads\/2022\/11\/FMA-22-Abertura-031-768x543.jpg 768w, https:\/\/pnc.polegarmente.me\/wp-content\/uploads\/2022\/11\/FMA-22-Abertura-031-1536x1087.jpg 1536w, https:\/\/pnc.polegarmente.me\/wp-content\/uploads\/2022\/11\/FMA-22-Abertura-031-2048x1449.jpg 2048w\" sizes=\"(max-width: 1024px) 100vw, 1024px\" \/><\/a><\/figure>\n\n\n\n<p>Sinto-me t\u00e3o animada e feliz com esta distin\u00e7\u00e3o merecid\u00edssima.<br>Muitos Parab\u00e9ns Querida Regina e muito obrigada pelo convite para a cerim\u00f3nia!<\/p>\n","protected":false},"excerpt":{"rendered":"<p>A Academia Portuguesa de Cinema conceder\u00e1 hoje, na Cinemateca-Museu do Cinema, o Pr\u00e9mio B\u00e1rbara Virg\u00ednia \u00e0 inigual\u00e1vel REGINA PESSOA. H\u00e1 uma voca\u00e7\u00e3o filos\u00f3fica nos filmes de Regina Pessoa, concebidos enquanto \u201claborat\u00f3rios de cria\u00e7\u00e3o\u201d, de explora\u00e7\u00e3o e de descoberta de si e dos outros, ancorados em temas e problemaspessoais e universais.Neste contexto, fruir e refletir sobre [&hellip;]<\/p>\n","protected":false},"author":2,"featured_media":0,"comment_status":"open","ping_status":"open","sticky":false,"template":"","format":"standard","meta":[],"categories":[1],"tags":[],"_links":{"self":[{"href":"https:\/\/pnc.polegarmente.me\/index.php\/wp-json\/wp\/v2\/posts\/6084"}],"collection":[{"href":"https:\/\/pnc.polegarmente.me\/index.php\/wp-json\/wp\/v2\/posts"}],"about":[{"href":"https:\/\/pnc.polegarmente.me\/index.php\/wp-json\/wp\/v2\/types\/post"}],"author":[{"embeddable":true,"href":"https:\/\/pnc.polegarmente.me\/index.php\/wp-json\/wp\/v2\/users\/2"}],"replies":[{"embeddable":true,"href":"https:\/\/pnc.polegarmente.me\/index.php\/wp-json\/wp\/v2\/comments?post=6084"}],"version-history":[{"count":2,"href":"https:\/\/pnc.polegarmente.me\/index.php\/wp-json\/wp\/v2\/posts\/6084\/revisions"}],"predecessor-version":[{"id":6099,"href":"https:\/\/pnc.polegarmente.me\/index.php\/wp-json\/wp\/v2\/posts\/6084\/revisions\/6099"}],"wp:attachment":[{"href":"https:\/\/pnc.polegarmente.me\/index.php\/wp-json\/wp\/v2\/media?parent=6084"}],"wp:term":[{"taxonomy":"category","embeddable":true,"href":"https:\/\/pnc.polegarmente.me\/index.php\/wp-json\/wp\/v2\/categories?post=6084"},{"taxonomy":"post_tag","embeddable":true,"href":"https:\/\/pnc.polegarmente.me\/index.php\/wp-json\/wp\/v2\/tags?post=6084"}],"curies":[{"name":"wp","href":"https:\/\/api.w.org\/{rel}","templated":true}]}}