{"id":7209,"date":"2026-02-26T11:20:00","date_gmt":"2026-02-26T11:20:00","guid":{"rendered":"https:\/\/pnc.polegarmente.me\/?p=7209"},"modified":"2026-02-28T11:54:54","modified_gmt":"2026-02-28T11:54:54","slug":"filosofia-com-cinema-escola-sec-prof-antonio-da-natividade","status":"publish","type":"post","link":"http:\/\/pnc.polegarmente.me\/index.php\/2026\/02\/26\/filosofia-com-cinema-escola-sec-prof-antonio-da-natividade\/","title":{"rendered":"Filosofia com Cinema | Escola Sec. Prof. Ant\u00f3nio da Natividade"},"content":{"rendered":"\n<div class=\"wp-block-image\"><figure class=\"aligncenter size-large is-resized\"><a href=\"https:\/\/pnc.polegarmente.me\/wp-content\/uploads\/2026\/02\/Cartaz-Mesao-Frio.jpg\"><img loading=\"lazy\" src=\"https:\/\/pnc.polegarmente.me\/wp-content\/uploads\/2026\/02\/Cartaz-Mesao-Frio-768x1024.jpg\" alt=\"\" class=\"wp-image-7210\" width=\"534\" height=\"712\" srcset=\"http:\/\/pnc.polegarmente.me\/wp-content\/uploads\/2026\/02\/Cartaz-Mesao-Frio-768x1024.jpg 768w, http:\/\/pnc.polegarmente.me\/wp-content\/uploads\/2026\/02\/Cartaz-Mesao-Frio-225x300.jpg 225w, http:\/\/pnc.polegarmente.me\/wp-content\/uploads\/2026\/02\/Cartaz-Mesao-Frio-1152x1536.jpg 1152w, http:\/\/pnc.polegarmente.me\/wp-content\/uploads\/2026\/02\/Cartaz-Mesao-Frio.jpg 1440w\" sizes=\"(max-width: 534px) 100vw, 534px\" \/><\/a><\/figure><\/div>\n\n\n\n<p>H\u00e1 cerca de tr\u00eas d\u00e9cadas fui colocada na Escola Secund\u00e1ria Ant\u00f3nio da Natividade em Mes\u00e3o Frio. Gostei muito do ambiente natural e humano.<br>Agora, o regresso afigura-se-me desafiante com os reencontros e a dinamiza\u00e7\u00e3o de uma sess\u00e3o de Filosofia com Cinema ou &#8220;Cinema e Pensamento Cr\u00edtico&#8221;, como a designaram.<\/p>\n\n\n\n<p>Muito grata pelo convite!<\/p>\n\n\n\n<p><br>[ Nota marginal: o meu agradecimento \u00e0 J\u00falia Amaral pela autoria do cartaz.]<\/p>\n","protected":false},"excerpt":{"rendered":"<p>H\u00e1 cerca de tr\u00eas d\u00e9cadas fui colocada na Escola Secund\u00e1ria Ant\u00f3nio da Natividade em Mes\u00e3o Frio. Gostei muito do ambiente natural e humano.Agora, o regresso afigura-se-me desafiante com os reencontros e a dinamiza\u00e7\u00e3o de uma sess\u00e3o de Filosofia com Cinema ou &#8220;Cinema e Pensamento Cr\u00edtico&#8221;, como a designaram. Muito grata pelo convite! [ Nota marginal: [&hellip;]<\/p>\n","protected":false},"author":2,"featured_media":0,"comment_status":"open","ping_status":"open","sticky":false,"template":"","format":"standard","meta":[],"categories":[6,9,5],"tags":[],"_links":{"self":[{"href":"http:\/\/pnc.polegarmente.me\/index.php\/wp-json\/wp\/v2\/posts\/7209"}],"collection":[{"href":"http:\/\/pnc.polegarmente.me\/index.php\/wp-json\/wp\/v2\/posts"}],"about":[{"href":"http:\/\/pnc.polegarmente.me\/index.php\/wp-json\/wp\/v2\/types\/post"}],"author":[{"embeddable":true,"href":"http:\/\/pnc.polegarmente.me\/index.php\/wp-json\/wp\/v2\/users\/2"}],"replies":[{"embeddable":true,"href":"http:\/\/pnc.polegarmente.me\/index.php\/wp-json\/wp\/v2\/comments?post=7209"}],"version-history":[{"count":2,"href":"http:\/\/pnc.polegarmente.me\/index.php\/wp-json\/wp\/v2\/posts\/7209\/revisions"}],"predecessor-version":[{"id":7212,"href":"http:\/\/pnc.polegarmente.me\/index.php\/wp-json\/wp\/v2\/posts\/7209\/revisions\/7212"}],"wp:attachment":[{"href":"http:\/\/pnc.polegarmente.me\/index.php\/wp-json\/wp\/v2\/media?parent=7209"}],"wp:term":[{"taxonomy":"category","embeddable":true,"href":"http:\/\/pnc.polegarmente.me\/index.php\/wp-json\/wp\/v2\/categories?post=7209"},{"taxonomy":"post_tag","embeddable":true,"href":"http:\/\/pnc.polegarmente.me\/index.php\/wp-json\/wp\/v2\/tags?post=7209"}],"curies":[{"name":"wp","href":"https:\/\/api.w.org\/{rel}","templated":true}]}}