{"id":3971,"date":"2019-01-22T10:35:15","date_gmt":"2019-01-22T10:35:15","guid":{"rendered":"http:\/\/pnc.polegarmente.me\/?p=3971"},"modified":"2019-02-27T21:46:10","modified_gmt":"2019-02-27T21:46:10","slug":"morte-e-vida-severina","status":"publish","type":"post","link":"http:\/\/pnc.polegarmente.me\/index.php\/2019\/01\/22\/morte-e-vida-severina\/","title":{"rendered":"&#8220;Morte e vida Severina&#8221;"},"content":{"rendered":"<p><a href=\"http:\/\/pnc.polegarmente.me\/wp-content\/uploads\/2019\/02\/Morte-e-vida-Severina-PNC.jpg\"><img loading=\"lazy\" class=\"  wp-image-3972 aligncenter\" src=\"http:\/\/pnc.polegarmente.me\/wp-content\/uploads\/2019\/02\/Morte-e-vida-Severina-PNC-1024x576.jpg\" alt=\"Morte e vida Severina PNC\" width=\"533\" height=\"300\" srcset=\"http:\/\/pnc.polegarmente.me\/wp-content\/uploads\/2019\/02\/Morte-e-vida-Severina-PNC-1024x576.jpg 1024w, http:\/\/pnc.polegarmente.me\/wp-content\/uploads\/2019\/02\/Morte-e-vida-Severina-PNC-300x169.jpg 300w, http:\/\/pnc.polegarmente.me\/wp-content\/uploads\/2019\/02\/Morte-e-vida-Severina-PNC.jpg 1280w\" sizes=\"(max-width: 533px) 100vw, 533px\" \/><\/a><\/p>\n<p>Sess\u00e3o no Pequeno audit\u00f3rio da ESA com um filme-poema Magn\u00edfico!<\/p>\n<p style=\"text-align: justify;\">Vale a pena descobrir este maravilhoso poema tr\u00e1gico de Jo\u00e3o Cabral de Mello Neto, escrito entre 1954-55,e adaptado de forma bel\u00edssima por Afonso Serpa ao cinema de anima\u00e7\u00e3o.<\/p>\n<p>\u00ab(&#8230;) Somos muitos Severinos<br \/>\niguais em tudo na vida:<br \/>\nna mesma cabe\u00e7a grande<br \/>\nque a custo \u00e9 que se equilibra,<br \/>\nno mesmo ventre crescido<br \/>\nsobre as mesmas pernas finas<br \/>\ne iguais tamb\u00e9m porque o sangue,<br \/>\nque usamos tem pouca tinta.<br \/>\nE se somos Severinos<br \/>\niguais em tudo na vida,<br \/>\nmorremos de morte igual,<br \/>\nmesma morte Severina:<br \/>\nque \u00e9 a morte de que se morre<br \/>\nde velhice antes dos trinta,<br \/>\nde emboscada antes dos vinte<br \/>\nde fome um pouco por dia<br \/>\n(de fraqueza e de doen\u00e7a<br \/>\n\u00e9 que a morte Severina<br \/>\nataca em qualquer idade,<br \/>\ne at\u00e9 gente n\u00e3o nascida).<br \/>\n(&#8230;)\u00bb<\/p>\n<p><img loading=\"lazy\" class=\"  wp-image-3973 aligncenter\" src=\"http:\/\/pnc.polegarmente.me\/wp-content\/uploads\/2019\/02\/curta2-1024x576.jpg\" alt=\"curta2\" width=\"531\" height=\"299\" srcset=\"http:\/\/pnc.polegarmente.me\/wp-content\/uploads\/2019\/02\/curta2-1024x576.jpg 1024w, http:\/\/pnc.polegarmente.me\/wp-content\/uploads\/2019\/02\/curta2-300x169.jpg 300w, http:\/\/pnc.polegarmente.me\/wp-content\/uploads\/2019\/02\/curta2.jpg 1600w\" sizes=\"(max-width: 531px) 100vw, 531px\" \/><img loading=\"lazy\" class=\"  wp-image-3974 aligncenter\" src=\"http:\/\/pnc.polegarmente.me\/wp-content\/uploads\/2019\/02\/severina2-1024x684.jpg\" alt=\"severina2\" width=\"530\" height=\"354\" srcset=\"http:\/\/pnc.polegarmente.me\/wp-content\/uploads\/2019\/02\/severina2-1024x684.jpg 1024w, http:\/\/pnc.polegarmente.me\/wp-content\/uploads\/2019\/02\/severina2-300x201.jpg 300w, http:\/\/pnc.polegarmente.me\/wp-content\/uploads\/2019\/02\/severina2-450x300.jpg 450w\" sizes=\"(max-width: 530px) 100vw, 530px\" \/><img loading=\"lazy\" class=\"  wp-image-3975 aligncenter\" src=\"http:\/\/pnc.polegarmente.me\/wp-content\/uploads\/2019\/02\/severina-3-1024x684.jpg\" alt=\"severina 3\" width=\"530\" height=\"354\" srcset=\"http:\/\/pnc.polegarmente.me\/wp-content\/uploads\/2019\/02\/severina-3-1024x684.jpg 1024w, http:\/\/pnc.polegarmente.me\/wp-content\/uploads\/2019\/02\/severina-3-300x201.jpg 300w, http:\/\/pnc.polegarmente.me\/wp-content\/uploads\/2019\/02\/severina-3-450x300.jpg 450w\" sizes=\"(max-width: 530px) 100vw, 530px\" \/><img loading=\"lazy\" class=\"alignnone  wp-image-3976 aligncenter\" src=\"http:\/\/pnc.polegarmente.me\/wp-content\/uploads\/2019\/02\/severina-4-1024x684.jpg\" alt=\"severina 4\" width=\"531\" height=\"355\" srcset=\"http:\/\/pnc.polegarmente.me\/wp-content\/uploads\/2019\/02\/severina-4-1024x684.jpg 1024w, http:\/\/pnc.polegarmente.me\/wp-content\/uploads\/2019\/02\/severina-4-300x201.jpg 300w, http:\/\/pnc.polegarmente.me\/wp-content\/uploads\/2019\/02\/severina-4-450x300.jpg 450w\" sizes=\"(max-width: 531px) 100vw, 531px\" \/>T\u00edtulo: Morte e vida Severina<br \/>\nRealizador: Afonso Serpa<br \/>\nVoz: Gero Camlo<br \/>\nM\u00fasica: Lucas Santtana<br \/>\nProdu\u00e7\u00e3o: TV Escola \/ OZI \/ FUNDAJ \u2013 Funda\u00e7\u00e3o Joaquim Nabuco<br \/>\nOutros dados: Brasil, 2010, 52<\/p>\n<p><iframe loading=\"lazy\" width=\"500\" height=\"281\" src=\"https:\/\/www.youtube.com\/embed\/clKnAG2Ygyw?feature=oembed\" frameborder=\"0\" allow=\"accelerometer; autoplay; encrypted-media; gyroscope; picture-in-picture\" allowfullscreen><\/iframe><\/p>\n<p>Eis o que a Maria Gabriela Correia e a Maria Leonor Soares, do 9.\u00ba C escreveram a prop\u00f3sito do filme:<\/p>\n<p style=\"text-align: justify;\">\u00abNa nossa opini\u00e3o, a curta metragem mostra-nos que o que acontece depois da morte \u00e9 insignificante, logo torna-se insignificante, morrer ou cometer suic\u00eddio.<br \/>\nQuestionamos: Ent\u00e3o para qu\u00ea continuar a viver?, mas ao mesmo tempo, De que nos serve a morte?<br \/>\nO facto do filme estar a preto e branco real\u00e7a, n\u00e3o \u00f3 a insignific\u00e2ncia, mas tamb\u00e9m como tudo pode ser claro e ao mesmo tempo escuro tanto na vida como na morte. Sendo que o desenho das personagens, dos espa\u00e7os, de tudo, revela-nos essa banalidade.Ao contr\u00e1rio, do que nos \u00e9 ensinado&#8230;\u00bb<\/p>\n<p>&nbsp;<\/p>\n","protected":false},"excerpt":{"rendered":"<p>Sess\u00e3o no Pequeno audit\u00f3rio da ESA com um filme-poema Magn\u00edfico! Vale a pena descobrir este maravilhoso poema tr\u00e1gico de Jo\u00e3o Cabral de Mello Neto, escrito entre 1954-55,e adaptado de forma bel\u00edssima por Afonso Serpa ao cinema de anima\u00e7\u00e3o. \u00ab(&#8230;) Somos muitos Severinos iguais em tudo na vida: na mesma cabe\u00e7a grande que a custo \u00e9 [&hellip;]<\/p>\n","protected":false},"author":2,"featured_media":0,"comment_status":"open","ping_status":"open","sticky":false,"template":"","format":"standard","meta":[],"categories":[21],"tags":[],"_links":{"self":[{"href":"http:\/\/pnc.polegarmente.me\/index.php\/wp-json\/wp\/v2\/posts\/3971"}],"collection":[{"href":"http:\/\/pnc.polegarmente.me\/index.php\/wp-json\/wp\/v2\/posts"}],"about":[{"href":"http:\/\/pnc.polegarmente.me\/index.php\/wp-json\/wp\/v2\/types\/post"}],"author":[{"embeddable":true,"href":"http:\/\/pnc.polegarmente.me\/index.php\/wp-json\/wp\/v2\/users\/2"}],"replies":[{"embeddable":true,"href":"http:\/\/pnc.polegarmente.me\/index.php\/wp-json\/wp\/v2\/comments?post=3971"}],"version-history":[{"count":2,"href":"http:\/\/pnc.polegarmente.me\/index.php\/wp-json\/wp\/v2\/posts\/3971\/revisions"}],"predecessor-version":[{"id":3978,"href":"http:\/\/pnc.polegarmente.me\/index.php\/wp-json\/wp\/v2\/posts\/3971\/revisions\/3978"}],"wp:attachment":[{"href":"http:\/\/pnc.polegarmente.me\/index.php\/wp-json\/wp\/v2\/media?parent=3971"}],"wp:term":[{"taxonomy":"category","embeddable":true,"href":"http:\/\/pnc.polegarmente.me\/index.php\/wp-json\/wp\/v2\/categories?post=3971"},{"taxonomy":"post_tag","embeddable":true,"href":"http:\/\/pnc.polegarmente.me\/index.php\/wp-json\/wp\/v2\/tags?post=3971"}],"curies":[{"name":"wp","href":"https:\/\/api.w.org\/{rel}","templated":true}]}}