{"id":3954,"date":"2019-01-21T22:50:34","date_gmt":"2019-01-21T22:50:34","guid":{"rendered":"http:\/\/pnc.polegarmente.me\/?p=3954"},"modified":"2019-02-27T21:13:01","modified_gmt":"2019-02-27T21:13:01","slug":"central-do-brasil-1998-apresentado-pelo-realizador-walter-salles","status":"publish","type":"post","link":"http:\/\/pnc.polegarmente.me\/index.php\/2019\/01\/21\/central-do-brasil-1998-apresentado-pelo-realizador-walter-salles\/","title":{"rendered":"&#8220;Central do Brasil&#8221;, 1998, apresentado pelo realizador WALTER SALLES"},"content":{"rendered":"<p><img loading=\"lazy\" class=\"wp-image-3955 aligncenter\" src=\"http:\/\/pnc.polegarmente.me\/wp-content\/uploads\/2019\/02\/DSC_0929-2-1024x684.jpg\" alt=\"DSC_0929 (2)\" width=\"529\" height=\"353\" srcset=\"http:\/\/pnc.polegarmente.me\/wp-content\/uploads\/2019\/02\/DSC_0929-2-1024x684.jpg 1024w, http:\/\/pnc.polegarmente.me\/wp-content\/uploads\/2019\/02\/DSC_0929-2-300x201.jpg 300w, http:\/\/pnc.polegarmente.me\/wp-content\/uploads\/2019\/02\/DSC_0929-2-450x300.jpg 450w\" sizes=\"(max-width: 529px) 100vw, 529px\" \/><\/p>\n<p><span style=\"font-size: 10.5pt; font-family: 'Helvetica',sans-serif; color: #1d2129;\">Sess\u00e3o inolvid\u00e1vel pelo Filme, pelo Realizador, pela Fernanda Montenegro e pelos Amigos!<br \/>\n[Obrigada Cristina e Am\u00e9rico. Cinema Trindade.]<\/span><\/p>\n<p style=\"background: white; margin: 4.5pt 0cm .0001pt 0cm;\"><a href=\"http:\/\/pnc.polegarmente.me\/wp-content\/uploads\/2019\/02\/DSC_0910-2.jpg\"><img loading=\"lazy\" class=\"  wp-image-3956 aligncenter\" src=\"http:\/\/pnc.polegarmente.me\/wp-content\/uploads\/2019\/02\/DSC_0910-2-1024x684.jpg\" alt=\"DSC_0910 (2)\" width=\"530\" height=\"354\" srcset=\"http:\/\/pnc.polegarmente.me\/wp-content\/uploads\/2019\/02\/DSC_0910-2-1024x684.jpg 1024w, http:\/\/pnc.polegarmente.me\/wp-content\/uploads\/2019\/02\/DSC_0910-2-300x201.jpg 300w, http:\/\/pnc.polegarmente.me\/wp-content\/uploads\/2019\/02\/DSC_0910-2-450x300.jpg 450w\" sizes=\"(max-width: 530px) 100vw, 530px\" \/><\/a><\/p>\n<p style=\"background: white; margin: 4.5pt 0cm .0001pt 0cm;\"><img loading=\"lazy\" class=\"  wp-image-3959 aligncenter\" src=\"http:\/\/pnc.polegarmente.me\/wp-content\/uploads\/2019\/02\/DSC_0922-2-1024x684.jpg\" alt=\"DSC_0922 (2)\" width=\"531\" height=\"355\" srcset=\"http:\/\/pnc.polegarmente.me\/wp-content\/uploads\/2019\/02\/DSC_0922-2-1024x684.jpg 1024w, http:\/\/pnc.polegarmente.me\/wp-content\/uploads\/2019\/02\/DSC_0922-2-300x201.jpg 300w, http:\/\/pnc.polegarmente.me\/wp-content\/uploads\/2019\/02\/DSC_0922-2-450x300.jpg 450w\" sizes=\"(max-width: 531px) 100vw, 531px\" \/><\/p>\n<p style=\"background: white; margin: 4.5pt 0cm .0001pt 0cm;\"><img loading=\"lazy\" class=\"  wp-image-3958 aligncenter\" src=\"http:\/\/pnc.polegarmente.me\/wp-content\/uploads\/2019\/02\/DSC_0914-2-1024x684.jpg\" alt=\"DSC_0914 (2)\" width=\"531\" height=\"355\" srcset=\"http:\/\/pnc.polegarmente.me\/wp-content\/uploads\/2019\/02\/DSC_0914-2-1024x684.jpg 1024w, http:\/\/pnc.polegarmente.me\/wp-content\/uploads\/2019\/02\/DSC_0914-2-300x201.jpg 300w, http:\/\/pnc.polegarmente.me\/wp-content\/uploads\/2019\/02\/DSC_0914-2-450x300.jpg 450w\" sizes=\"(max-width: 531px) 100vw, 531px\" \/><\/p>\n<p style=\"background: white; margin: 4.5pt 0cm .0001pt 0cm;\"><img loading=\"lazy\" class=\"  wp-image-3957 aligncenter\" src=\"http:\/\/pnc.polegarmente.me\/wp-content\/uploads\/2019\/02\/DSC_0892-2-1024x684.jpg\" alt=\"DSC_0892 (2)\" width=\"532\" height=\"355\" srcset=\"http:\/\/pnc.polegarmente.me\/wp-content\/uploads\/2019\/02\/DSC_0892-2-1024x684.jpg 1024w, http:\/\/pnc.polegarmente.me\/wp-content\/uploads\/2019\/02\/DSC_0892-2-300x201.jpg 300w, http:\/\/pnc.polegarmente.me\/wp-content\/uploads\/2019\/02\/DSC_0892-2-450x300.jpg 450w\" sizes=\"(max-width: 532px) 100vw, 532px\" \/><\/p>\n<p style=\"background: white; margin: 4.5pt 0cm .0001pt 0cm;\"><img loading=\"lazy\" class=\"  wp-image-3962 aligncenter\" src=\"http:\/\/pnc.polegarmente.me\/wp-content\/uploads\/2019\/02\/DSC_0937-2-1024x684.jpg\" alt=\"DSC_0937 (2)\" width=\"530\" height=\"354\" srcset=\"http:\/\/pnc.polegarmente.me\/wp-content\/uploads\/2019\/02\/DSC_0937-2-1024x684.jpg 1024w, http:\/\/pnc.polegarmente.me\/wp-content\/uploads\/2019\/02\/DSC_0937-2-300x201.jpg 300w, http:\/\/pnc.polegarmente.me\/wp-content\/uploads\/2019\/02\/DSC_0937-2-450x300.jpg 450w\" sizes=\"(max-width: 530px) 100vw, 530px\" \/><\/p>\n<p style=\"background: white; margin: 4.5pt 0cm .0001pt 0cm;\"><img loading=\"lazy\" class=\"  wp-image-3961 aligncenter\" src=\"http:\/\/pnc.polegarmente.me\/wp-content\/uploads\/2019\/02\/DSC_0941-2-1024x684.jpg\" alt=\"DSC_0941 (2)\" width=\"530\" height=\"354\" srcset=\"http:\/\/pnc.polegarmente.me\/wp-content\/uploads\/2019\/02\/DSC_0941-2-1024x684.jpg 1024w, http:\/\/pnc.polegarmente.me\/wp-content\/uploads\/2019\/02\/DSC_0941-2-300x201.jpg 300w, http:\/\/pnc.polegarmente.me\/wp-content\/uploads\/2019\/02\/DSC_0941-2-450x300.jpg 450w\" sizes=\"(max-width: 530px) 100vw, 530px\" \/><\/p>\n<p style=\"background: white; margin: 4.5pt 0cm .0001pt 0cm;\"><a href=\"http:\/\/pnc.polegarmente.me\/wp-content\/uploads\/2019\/02\/DSC_0939-2.jpg\"><img loading=\"lazy\" class=\"  wp-image-3960 aligncenter\" src=\"http:\/\/pnc.polegarmente.me\/wp-content\/uploads\/2019\/02\/DSC_0939-2-1024x684.jpg\" alt=\"DSC_0939 (2)\" width=\"531\" height=\"355\" srcset=\"http:\/\/pnc.polegarmente.me\/wp-content\/uploads\/2019\/02\/DSC_0939-2-1024x684.jpg 1024w, http:\/\/pnc.polegarmente.me\/wp-content\/uploads\/2019\/02\/DSC_0939-2-300x201.jpg 300w, http:\/\/pnc.polegarmente.me\/wp-content\/uploads\/2019\/02\/DSC_0939-2-450x300.jpg 450w\" sizes=\"(max-width: 531px) 100vw, 531px\" \/><\/a><\/p>\n<p style=\"text-align: justify;\">T\u00edtulo: Central do Brasil<br \/>\nRealizador: Walter Salles<br \/>\nCom: Fernanda Montenegro, Mar\u00edlia Pera, Vinicius de Oliveira<br \/>\nG\u00e9nero: Drama<br \/>\nClassifica\u00e7\u00e3o: M\/12<br \/>\nOutros dados: BRA, 1998, Cores, 115 min.<\/p>\n<p style=\"text-align: justify;\">Sinopse:<br \/>\nDora (Fernanda Montenegro) escreve e envia a correspond\u00eancia aos analfabetos que aparecem na esta\u00e7\u00e3o central do Rio de Janeiro. Odeia o seu trabalho e acha que os clientes n\u00e3o passam de &#8220;lixo&#8221;. Mas, um dia, encontra-se com Josu\u00e9 (Vin\u00edcius de Oliveira), um rapaz de 9 anos que nunca conheceu o seu pai e acaba de perder a m\u00e3e num acidente. Perante estas circunst\u00e2ncias, Dora, decide ajud\u00e1-lo e os dois partem Brasil fora&#8230;<\/p>\n<p>in <a href=\"https:\/\/cinecartaz.publico.pt\/Filme\/18599_central-do-brasil\">P\u00fablico<\/a><\/p>\n<p><iframe loading=\"lazy\" width=\"500\" height=\"281\" src=\"https:\/\/www.youtube.com\/embed\/W4Gn6eLFao8?feature=oembed\" frameborder=\"0\" allow=\"accelerometer; autoplay; encrypted-media; gyroscope; picture-in-picture\" allowfullscreen><\/iframe><\/p>\n<p>&nbsp;<\/p>\n","protected":false},"excerpt":{"rendered":"<p>Sess\u00e3o inolvid\u00e1vel pelo Filme, pelo Realizador, pela Fernanda Montenegro e pelos Amigos! [Obrigada Cristina e Am\u00e9rico. Cinema Trindade.] T\u00edtulo: Central do Brasil Realizador: Walter Salles Com: Fernanda Montenegro, Mar\u00edlia Pera, Vinicius de Oliveira G\u00e9nero: Drama Classifica\u00e7\u00e3o: M\/12 Outros dados: BRA, 1998, Cores, 115 min. Sinopse: Dora (Fernanda Montenegro) escreve e envia a correspond\u00eancia aos analfabetos [&hellip;]<\/p>\n","protected":false},"author":2,"featured_media":0,"comment_status":"open","ping_status":"open","sticky":false,"template":"","format":"standard","meta":[],"categories":[21],"tags":[],"_links":{"self":[{"href":"http:\/\/pnc.polegarmente.me\/index.php\/wp-json\/wp\/v2\/posts\/3954"}],"collection":[{"href":"http:\/\/pnc.polegarmente.me\/index.php\/wp-json\/wp\/v2\/posts"}],"about":[{"href":"http:\/\/pnc.polegarmente.me\/index.php\/wp-json\/wp\/v2\/types\/post"}],"author":[{"embeddable":true,"href":"http:\/\/pnc.polegarmente.me\/index.php\/wp-json\/wp\/v2\/users\/2"}],"replies":[{"embeddable":true,"href":"http:\/\/pnc.polegarmente.me\/index.php\/wp-json\/wp\/v2\/comments?post=3954"}],"version-history":[{"count":6,"href":"http:\/\/pnc.polegarmente.me\/index.php\/wp-json\/wp\/v2\/posts\/3954\/revisions"}],"predecessor-version":[{"id":3970,"href":"http:\/\/pnc.polegarmente.me\/index.php\/wp-json\/wp\/v2\/posts\/3954\/revisions\/3970"}],"wp:attachment":[{"href":"http:\/\/pnc.polegarmente.me\/index.php\/wp-json\/wp\/v2\/media?parent=3954"}],"wp:term":[{"taxonomy":"category","embeddable":true,"href":"http:\/\/pnc.polegarmente.me\/index.php\/wp-json\/wp\/v2\/categories?post=3954"},{"taxonomy":"post_tag","embeddable":true,"href":"http:\/\/pnc.polegarmente.me\/index.php\/wp-json\/wp\/v2\/tags?post=3954"}],"curies":[{"name":"wp","href":"https:\/\/api.w.org\/{rel}","templated":true}]}}