{"id":3928,"date":"2018-12-08T18:42:10","date_gmt":"2018-12-08T18:42:10","guid":{"rendered":"http:\/\/pnc.polegarmente.me\/?p=3928"},"modified":"2018-12-10T13:23:25","modified_gmt":"2018-12-10T13:23:25","slug":"o-pnc-auxilia-num-parto-fotografico","status":"publish","type":"post","link":"http:\/\/pnc.polegarmente.me\/index.php\/2018\/12\/08\/o-pnc-auxilia-num-parto-fotografico\/","title":{"rendered":"PNC auxilia num &#8220;parto fotogr\u00e1fico&#8221;: Clube de Fotografia"},"content":{"rendered":"<p style=\"text-align: center;\"><a href=\"http:\/\/pnc.polegarmente.me\/wp-content\/uploads\/2018\/12\/CLUBE-ALTERADO.jpg\"><img loading=\"lazy\" class=\"alignnone size-large wp-image-3929\" src=\"http:\/\/pnc.polegarmente.me\/wp-content\/uploads\/2018\/12\/CLUBE-ALTERADO-724x1024.jpg\" alt=\"CLUBE ALTERADO\" width=\"724\" height=\"1024\" srcset=\"http:\/\/pnc.polegarmente.me\/wp-content\/uploads\/2018\/12\/CLUBE-ALTERADO-724x1024.jpg 724w, http:\/\/pnc.polegarmente.me\/wp-content\/uploads\/2018\/12\/CLUBE-ALTERADO-212x300.jpg 212w, http:\/\/pnc.polegarmente.me\/wp-content\/uploads\/2018\/12\/CLUBE-ALTERADO.jpg 1587w\" sizes=\"(max-width: 724px) 100vw, 724px\" \/><\/a><\/p>\n<p style=\"text-align: justify;\">E eis que o Plano Nacional de Cinema da ESA dar\u00e1 o seu contributo para este &#8220;parto fotogr\u00e1fico&#8221; com o aux\u00edlio do professor de Inform\u00e1tica, premiado em v\u00e1rios concursos de fotografia,\u00a0\u00a0<strong>Ab\u00edlio Mendes<\/strong>;<strong>\u00a0<\/strong>\u00a0pelo professor de Artes Visuais e artista pl\u00e1stico,\u00a0\u00a0<strong>J\u00falio Cunha<\/strong>;\u00a0pelo professor\u00a0 de Eletrotecnia, <strong>Jo\u00e3o Candeias<\/strong>, pela Presidente da Associa\u00e7\u00e3o de Estudantes, <strong>Margarida Vasconcelos<\/strong>, e, claro, por <strong>Ti<\/strong> (aluno, professor, auxiliar&#8230;) que te interessas por esta Arte.<\/p>\n<p style=\"text-align: justify;\">__________<\/p>\n<p style=\"text-align: justify;\">O cartaz \u00e9 da autoria da Margarida Vasconcelos (12.\u00ba CLH1).<\/p>\n","protected":false},"excerpt":{"rendered":"<p>E eis que o Plano Nacional de Cinema da ESA dar\u00e1 o seu contributo para este &#8220;parto fotogr\u00e1fico&#8221; com o aux\u00edlio do professor de Inform\u00e1tica, premiado em v\u00e1rios concursos de fotografia,\u00a0\u00a0Ab\u00edlio Mendes;\u00a0\u00a0pelo professor de Artes Visuais e artista pl\u00e1stico,\u00a0\u00a0J\u00falio Cunha;\u00a0pelo professor\u00a0 de Eletrotecnia, Jo\u00e3o Candeias, pela Presidente da Associa\u00e7\u00e3o de Estudantes, Margarida Vasconcelos, e, claro, [&hellip;]<\/p>\n","protected":false},"author":2,"featured_media":0,"comment_status":"open","ping_status":"open","sticky":false,"template":"","format":"standard","meta":[],"categories":[18],"tags":[],"_links":{"self":[{"href":"http:\/\/pnc.polegarmente.me\/index.php\/wp-json\/wp\/v2\/posts\/3928"}],"collection":[{"href":"http:\/\/pnc.polegarmente.me\/index.php\/wp-json\/wp\/v2\/posts"}],"about":[{"href":"http:\/\/pnc.polegarmente.me\/index.php\/wp-json\/wp\/v2\/types\/post"}],"author":[{"embeddable":true,"href":"http:\/\/pnc.polegarmente.me\/index.php\/wp-json\/wp\/v2\/users\/2"}],"replies":[{"embeddable":true,"href":"http:\/\/pnc.polegarmente.me\/index.php\/wp-json\/wp\/v2\/comments?post=3928"}],"version-history":[{"count":7,"href":"http:\/\/pnc.polegarmente.me\/index.php\/wp-json\/wp\/v2\/posts\/3928\/revisions"}],"predecessor-version":[{"id":3937,"href":"http:\/\/pnc.polegarmente.me\/index.php\/wp-json\/wp\/v2\/posts\/3928\/revisions\/3937"}],"wp:attachment":[{"href":"http:\/\/pnc.polegarmente.me\/index.php\/wp-json\/wp\/v2\/media?parent=3928"}],"wp:term":[{"taxonomy":"category","embeddable":true,"href":"http:\/\/pnc.polegarmente.me\/index.php\/wp-json\/wp\/v2\/categories?post=3928"},{"taxonomy":"post_tag","embeddable":true,"href":"http:\/\/pnc.polegarmente.me\/index.php\/wp-json\/wp\/v2\/tags?post=3928"}],"curies":[{"name":"wp","href":"https:\/\/api.w.org\/{rel}","templated":true}]}}