{"id":3908,"date":"2018-12-02T22:46:14","date_gmt":"2018-12-02T22:46:14","guid":{"rendered":"http:\/\/pnc.polegarmente.me\/?p=3908"},"modified":"2018-12-09T14:26:41","modified_gmt":"2018-12-09T14:26:41","slug":"folheto-do-pnc-esa-2018-19","status":"publish","type":"post","link":"http:\/\/pnc.polegarmente.me\/index.php\/2018\/12\/02\/folheto-do-pnc-esa-2018-19\/","title":{"rendered":"Folheto do PNC  ESA 2018-19"},"content":{"rendered":"<p><a href=\"http:\/\/pnc.polegarmente.me\/wp-content\/uploads\/2018\/12\/folheto-18-19-pag.1.jpg\"><img loading=\"lazy\" class=\"  wp-image-3909 aligncenter\" src=\"http:\/\/pnc.polegarmente.me\/wp-content\/uploads\/2018\/12\/folheto-18-19-pag.1-722x1024.jpg\" alt=\"folheto 18-19 pag.1\" width=\"587\" height=\"833\" srcset=\"http:\/\/pnc.polegarmente.me\/wp-content\/uploads\/2018\/12\/folheto-18-19-pag.1-722x1024.jpg 722w, http:\/\/pnc.polegarmente.me\/wp-content\/uploads\/2018\/12\/folheto-18-19-pag.1-211x300.jpg 211w, http:\/\/pnc.polegarmente.me\/wp-content\/uploads\/2018\/12\/folheto-18-19-pag.1.jpg 1748w\" sizes=\"(max-width: 587px) 100vw, 587px\" \/><\/a><\/p>\n<p><img loading=\"lazy\" class=\"alignnone size-large wp-image-3910 aligncenter\" src=\"http:\/\/pnc.polegarmente.me\/wp-content\/uploads\/2018\/12\/folheto-18-19-pag.2-722x1024.jpg\" alt=\"folheto 18-19 pag.2\" width=\"722\" height=\"1024\" srcset=\"http:\/\/pnc.polegarmente.me\/wp-content\/uploads\/2018\/12\/folheto-18-19-pag.2-722x1024.jpg 722w, http:\/\/pnc.polegarmente.me\/wp-content\/uploads\/2018\/12\/folheto-18-19-pag.2-211x300.jpg 211w, http:\/\/pnc.polegarmente.me\/wp-content\/uploads\/2018\/12\/folheto-18-19-pag.2.jpg 1748w\" sizes=\"(max-width: 722px) 100vw, 722px\" \/><\/p>\n<p style=\"text-align: center;\">\u00a0<img loading=\"lazy\" class=\"alignnone size-large wp-image-3911\" src=\"http:\/\/pnc.polegarmente.me\/wp-content\/uploads\/2018\/12\/folheto-18-19-pag.3-722x1024.jpg\" alt=\"folheto 18-19 pag.3\" width=\"722\" height=\"1024\" srcset=\"http:\/\/pnc.polegarmente.me\/wp-content\/uploads\/2018\/12\/folheto-18-19-pag.3-722x1024.jpg 722w, http:\/\/pnc.polegarmente.me\/wp-content\/uploads\/2018\/12\/folheto-18-19-pag.3-211x300.jpg 211w, http:\/\/pnc.polegarmente.me\/wp-content\/uploads\/2018\/12\/folheto-18-19-pag.3.jpg 1748w\" sizes=\"(max-width: 722px) 100vw, 722px\" \/><\/p>\n<p style=\"text-align: center;\"><a href=\"http:\/\/pnc.polegarmente.me\/wp-content\/uploads\/2018\/12\/18-19-folheto4-1.jpg\"><img loading=\"lazy\" class=\"alignnone size-large wp-image-3921\" src=\"http:\/\/pnc.polegarmente.me\/wp-content\/uploads\/2018\/12\/18-19-folheto4-1-722x1024.jpg\" alt=\"18-19 folheto4 (1)\" width=\"722\" height=\"1024\" srcset=\"http:\/\/pnc.polegarmente.me\/wp-content\/uploads\/2018\/12\/18-19-folheto4-1-722x1024.jpg 722w, http:\/\/pnc.polegarmente.me\/wp-content\/uploads\/2018\/12\/18-19-folheto4-1-211x300.jpg 211w, http:\/\/pnc.polegarmente.me\/wp-content\/uploads\/2018\/12\/18-19-folheto4-1.jpg 1748w\" sizes=\"(max-width: 722px) 100vw, 722px\" \/><\/a><\/p>\n<p style=\"text-align: justify;\">O folheto sobre o Plano Nacional de Cinema (PNC) da Escola Secund\u00e1ria de Amarante foi criado com o intuito prestar informa\u00e7\u00f5es aos alunos, \u00e0 comunidade e, mais especificamente,\u00a0aos encarregados de educa\u00e7\u00e3o sobre o projeto e \u00e9 da autoria do professor e artista pl\u00e1stico J\u00falio Cunha.<br \/>\nAs fotografias\u00a0 s\u00e3o de iniciativas realizadas, desde 2015, no \u00e2mbito do PNC ESA ou de ramifica\u00e7\u00f5es que entretanto floresceram. Est\u00e1 lindo!<br \/>\nMuito grata,\u00a0 J\u00falio!<\/p>\n<p style=\"text-align: justify;\">______________<\/p>\n<p style=\"text-align: justify;\">Nota Marginal: Este ano, o PNC ESA tem o orgulho de ter tamb\u00e9m como parceiro o <strong>CineEco<\/strong>, Festival Internacional de Cinema Ambiental da Serra da Estrela, e o seu Diretor, M\u00e1rio Branquinho estar\u00e1 em Amarante, em fevereiro, com os filmes premiados no festival!<\/p>\n","protected":false},"excerpt":{"rendered":"<p>\u00a0 O folheto sobre o Plano Nacional de Cinema (PNC) da Escola Secund\u00e1ria de Amarante foi criado com o intuito prestar informa\u00e7\u00f5es aos alunos, \u00e0 comunidade e, mais especificamente,\u00a0aos encarregados de educa\u00e7\u00e3o sobre o projeto e \u00e9 da autoria do professor e artista pl\u00e1stico J\u00falio Cunha. As fotografias\u00a0 s\u00e3o de iniciativas realizadas, desde 2015, no [&hellip;]<\/p>\n","protected":false},"author":2,"featured_media":0,"comment_status":"open","ping_status":"open","sticky":false,"template":"","format":"standard","meta":[],"categories":[6],"tags":[],"_links":{"self":[{"href":"http:\/\/pnc.polegarmente.me\/index.php\/wp-json\/wp\/v2\/posts\/3908"}],"collection":[{"href":"http:\/\/pnc.polegarmente.me\/index.php\/wp-json\/wp\/v2\/posts"}],"about":[{"href":"http:\/\/pnc.polegarmente.me\/index.php\/wp-json\/wp\/v2\/types\/post"}],"author":[{"embeddable":true,"href":"http:\/\/pnc.polegarmente.me\/index.php\/wp-json\/wp\/v2\/users\/2"}],"replies":[{"embeddable":true,"href":"http:\/\/pnc.polegarmente.me\/index.php\/wp-json\/wp\/v2\/comments?post=3908"}],"version-history":[{"count":8,"href":"http:\/\/pnc.polegarmente.me\/index.php\/wp-json\/wp\/v2\/posts\/3908\/revisions"}],"predecessor-version":[{"id":3934,"href":"http:\/\/pnc.polegarmente.me\/index.php\/wp-json\/wp\/v2\/posts\/3908\/revisions\/3934"}],"wp:attachment":[{"href":"http:\/\/pnc.polegarmente.me\/index.php\/wp-json\/wp\/v2\/media?parent=3908"}],"wp:term":[{"taxonomy":"category","embeddable":true,"href":"http:\/\/pnc.polegarmente.me\/index.php\/wp-json\/wp\/v2\/categories?post=3908"},{"taxonomy":"post_tag","embeddable":true,"href":"http:\/\/pnc.polegarmente.me\/index.php\/wp-json\/wp\/v2\/tags?post=3908"}],"curies":[{"name":"wp","href":"https:\/\/api.w.org\/{rel}","templated":true}]}}