{"id":3904,"date":"2018-12-01T14:21:38","date_gmt":"2018-12-01T14:21:38","guid":{"rendered":"http:\/\/pnc.polegarmente.me\/?p=3904"},"modified":"2018-12-05T22:20:13","modified_gmt":"2018-12-05T22:20:13","slug":"artigo-sobre-biografia-do-pnc-da-esa-em-obra-inedita","status":"publish","type":"post","link":"http:\/\/pnc.polegarmente.me\/index.php\/2018\/12\/01\/artigo-sobre-biografia-do-pnc-da-esa-em-obra-inedita\/","title":{"rendered":"Artigo sobre biografia do PNC da ESA em obra in\u00e9dita"},"content":{"rendered":"<p><a href=\"http:\/\/pnc.polegarmente.me\/wp-content\/uploads\/2018\/12\/46523625_763057524063460_5954244223371837440_n.jpg\"><img loading=\"lazy\" class=\"  wp-image-3905 aligncenter\" src=\"http:\/\/pnc.polegarmente.me\/wp-content\/uploads\/2018\/12\/46523625_763057524063460_5954244223371837440_n.jpg\" alt=\"46523625_763057524063460_5954244223371837440_n\" width=\"529\" height=\"795\" srcset=\"http:\/\/pnc.polegarmente.me\/wp-content\/uploads\/2018\/12\/46523625_763057524063460_5954244223371837440_n.jpg 629w, http:\/\/pnc.polegarmente.me\/wp-content\/uploads\/2018\/12\/46523625_763057524063460_5954244223371837440_n-200x300.jpg 200w\" sizes=\"(max-width: 529px) 100vw, 529px\" \/><\/a><\/p>\n<p style=\"text-align: justify;\">Na sequ\u00eancia da confer\u00eancia proferida por mim no &#8220;IV Simp\u00f3sio Internacional Fus\u00f5es&#8221; sobre o Plano Nacional de Cinema (PNC) na Escola Secund\u00e1ria de Amarante, eis que acabou de ser publicado o primeiro livro que repensa as abordagens pedag\u00f3gico-educativas do Cinema na Escola ou da Escola no Cinema.<\/p>\n<p><img loading=\"lazy\" class=\"  wp-image-3906 aligncenter\" src=\"http:\/\/pnc.polegarmente.me\/wp-content\/uploads\/2018\/12\/DSC_0192-2-1024x799.jpg\" alt=\"DSC_0192 (2)\" width=\"531\" height=\"414\" srcset=\"http:\/\/pnc.polegarmente.me\/wp-content\/uploads\/2018\/12\/DSC_0192-2-1024x799.jpg 1024w, http:\/\/pnc.polegarmente.me\/wp-content\/uploads\/2018\/12\/DSC_0192-2-300x234.jpg 300w\" sizes=\"(max-width: 531px) 100vw, 531px\" \/><\/p>\n<p style=\"text-align: justify;\">\u00c9 um orgulho e um privil\u00e9gio ter um artigo que convive com os artigos Pedro Alves (Universidade Cat\u00f3lica \u2013 Porto), Francisco Garc\u00eda Garc\u00eda (Universidade Complutense Madrid), Jos\u00e9 Ant\u00f3nio Moreira (Universidade Aberta), Raquel Pacheco (Universidade Aut\u00f3noma), Elsa Mendes (Plano Nacional de Cinema), Elsa Rodrigues (Investigadora &#8211; Universidade de Coimbra), Francisco Henriques (Faculdade Belas-Artes Universidade Lisboa), Sara Dias-Trindade (Universidade Coimbra), T\u00e2nia Le\u00e3o (Investigadora Universidade do Porto), Paulo Fernandes (Servi\u00e7o Educativo \u2013 CINANIMA), Cristina Janicas (Investigadora e Docente).<br \/>\nO obra \u00e9 co-organizada por Francisco Garc\u00eda Garc\u00eda, Pedro Alves, Ant\u00f3nio Moreira e tem a chancela da Whitebooks e da editora espanhola da ICONO14.<br \/>\nMuito grata pelo convite, Ant\u00f3nio Moreira.<\/p>\n","protected":false},"excerpt":{"rendered":"<p>Na sequ\u00eancia da confer\u00eancia proferida por mim no &#8220;IV Simp\u00f3sio Internacional Fus\u00f5es&#8221; sobre o Plano Nacional de Cinema (PNC) na Escola Secund\u00e1ria de Amarante, eis que acabou de ser publicado o primeiro livro que repensa as abordagens pedag\u00f3gico-educativas do Cinema na Escola ou da Escola no Cinema. \u00c9 um orgulho e um privil\u00e9gio ter um [&hellip;]<\/p>\n","protected":false},"author":2,"featured_media":0,"comment_status":"open","ping_status":"open","sticky":false,"template":"","format":"standard","meta":[],"categories":[6],"tags":[],"_links":{"self":[{"href":"http:\/\/pnc.polegarmente.me\/index.php\/wp-json\/wp\/v2\/posts\/3904"}],"collection":[{"href":"http:\/\/pnc.polegarmente.me\/index.php\/wp-json\/wp\/v2\/posts"}],"about":[{"href":"http:\/\/pnc.polegarmente.me\/index.php\/wp-json\/wp\/v2\/types\/post"}],"author":[{"embeddable":true,"href":"http:\/\/pnc.polegarmente.me\/index.php\/wp-json\/wp\/v2\/users\/2"}],"replies":[{"embeddable":true,"href":"http:\/\/pnc.polegarmente.me\/index.php\/wp-json\/wp\/v2\/comments?post=3904"}],"version-history":[{"count":6,"href":"http:\/\/pnc.polegarmente.me\/index.php\/wp-json\/wp\/v2\/posts\/3904\/revisions"}],"predecessor-version":[{"id":3926,"href":"http:\/\/pnc.polegarmente.me\/index.php\/wp-json\/wp\/v2\/posts\/3904\/revisions\/3926"}],"wp:attachment":[{"href":"http:\/\/pnc.polegarmente.me\/index.php\/wp-json\/wp\/v2\/media?parent=3904"}],"wp:term":[{"taxonomy":"category","embeddable":true,"href":"http:\/\/pnc.polegarmente.me\/index.php\/wp-json\/wp\/v2\/categories?post=3904"},{"taxonomy":"post_tag","embeddable":true,"href":"http:\/\/pnc.polegarmente.me\/index.php\/wp-json\/wp\/v2\/tags?post=3904"}],"curies":[{"name":"wp","href":"https:\/\/api.w.org\/{rel}","templated":true}]}}