{"id":3898,"date":"2018-11-25T21:58:13","date_gmt":"2018-11-25T21:58:13","guid":{"rendered":"http:\/\/pnc.polegarmente.me\/?p=3898"},"modified":"2018-11-25T22:02:26","modified_gmt":"2018-11-25T22:02:26","slug":"o-mundo-animado-de-abi-feijo-maria-helena-pinto-2010","status":"publish","type":"post","link":"http:\/\/pnc.polegarmente.me\/index.php\/2018\/11\/25\/o-mundo-animado-de-abi-feijo-maria-helena-pinto-2010\/","title":{"rendered":"&#8220;O Mundo Animado de Abi Feij\u00f3&#8221; (Maria Helena Pinto, 2010)"},"content":{"rendered":"<p><a href=\"http:\/\/pnc.polegarmente.me\/wp-content\/uploads\/2018\/11\/DSC_0031.jpg\"><img loading=\"lazy\" class=\"  wp-image-3893 aligncenter\" src=\"http:\/\/pnc.polegarmente.me\/wp-content\/uploads\/2018\/11\/DSC_0031-1024x687.jpg\" alt=\"DSC_0031\" width=\"559\" height=\"375\" srcset=\"http:\/\/pnc.polegarmente.me\/wp-content\/uploads\/2018\/11\/DSC_0031-1024x687.jpg 1024w, http:\/\/pnc.polegarmente.me\/wp-content\/uploads\/2018\/11\/DSC_0031-300x201.jpg 300w\" sizes=\"(max-width: 559px) 100vw, 559px\" \/><\/a><\/p>\n<p><iframe loading=\"lazy\" width=\"500\" height=\"281\" src=\"https:\/\/www.youtube.com\/embed\/lS6CrwrFH4o?feature=oembed\" frameborder=\"0\" allow=\"accelerometer; autoplay; encrypted-media; gyroscope; picture-in-picture\" allowfullscreen><\/iframe><\/p>\n<p style=\"text-align: justify;\">&#8220;O Mundo Animado de Abi Feij\u00f3&#8221; \u00e9 um document\u00e1rio sobre a obra do animador portugu\u00eas Abi Feij\u00f3. O projecto contou com a colabora\u00e7\u00e3o de nomes consagrados do cinema de anima\u00e7\u00e3o nacional como: Pedro Serrazina, Jos\u00e9 Miguel Ribeiro e Regina Pessoa. &#8220;O Mundo Animado de Abi Feij\u00f3&#8221; demarca-se, ainda, pela apresenta\u00e7\u00e3o de imagens in\u00e9ditas do animador e da Film\u00f3grafo, um dos primeiros est\u00fadios de cinema de anima\u00e7\u00e3o em Portugal, sendo um verdadeiro documento hist\u00f3rico sobre a obra de Abi e sobre o cinema de anima\u00e7\u00e3o portugu\u00eas.&#8221;<\/p>\n<p>Realiza\u00e7\u00e3o: Maria Helena Pinto<br \/>\nElenco: Abi Feij\u00f3 \/ Helena Santos \/ Jos\u00e9 Miguel Ribeiro \/ Pedro Serrazina \/ Regina Pessoa \/ Vanessa Ventura<br \/>\nProdu\u00e7\u00e3o: Maria Helena Pinto \/ S\u00e9rgio Magalh\u00e3es<br \/>\nPortugal, 2010, 25&#8217;51&#8221;<\/p>\n","protected":false},"excerpt":{"rendered":"<p>&#8220;O Mundo Animado de Abi Feij\u00f3&#8221; \u00e9 um document\u00e1rio sobre a obra do animador portugu\u00eas Abi Feij\u00f3. O projecto contou com a colabora\u00e7\u00e3o de nomes consagrados do cinema de anima\u00e7\u00e3o nacional como: Pedro Serrazina, Jos\u00e9 Miguel Ribeiro e Regina Pessoa. &#8220;O Mundo Animado de Abi Feij\u00f3&#8221; demarca-se, ainda, pela apresenta\u00e7\u00e3o de imagens in\u00e9ditas do animador [&hellip;]<\/p>\n","protected":false},"author":2,"featured_media":0,"comment_status":"open","ping_status":"open","sticky":false,"template":"","format":"standard","meta":[],"categories":[2],"tags":[],"_links":{"self":[{"href":"http:\/\/pnc.polegarmente.me\/index.php\/wp-json\/wp\/v2\/posts\/3898"}],"collection":[{"href":"http:\/\/pnc.polegarmente.me\/index.php\/wp-json\/wp\/v2\/posts"}],"about":[{"href":"http:\/\/pnc.polegarmente.me\/index.php\/wp-json\/wp\/v2\/types\/post"}],"author":[{"embeddable":true,"href":"http:\/\/pnc.polegarmente.me\/index.php\/wp-json\/wp\/v2\/users\/2"}],"replies":[{"embeddable":true,"href":"http:\/\/pnc.polegarmente.me\/index.php\/wp-json\/wp\/v2\/comments?post=3898"}],"version-history":[{"count":4,"href":"http:\/\/pnc.polegarmente.me\/index.php\/wp-json\/wp\/v2\/posts\/3898\/revisions"}],"predecessor-version":[{"id":3901,"href":"http:\/\/pnc.polegarmente.me\/index.php\/wp-json\/wp\/v2\/posts\/3898\/revisions\/3901"}],"wp:attachment":[{"href":"http:\/\/pnc.polegarmente.me\/index.php\/wp-json\/wp\/v2\/media?parent=3898"}],"wp:term":[{"taxonomy":"category","embeddable":true,"href":"http:\/\/pnc.polegarmente.me\/index.php\/wp-json\/wp\/v2\/categories?post=3898"},{"taxonomy":"post_tag","embeddable":true,"href":"http:\/\/pnc.polegarmente.me\/index.php\/wp-json\/wp\/v2\/tags?post=3898"}],"curies":[{"name":"wp","href":"https:\/\/api.w.org\/{rel}","templated":true}]}}