{"id":3837,"date":"2018-11-13T17:49:33","date_gmt":"2018-11-13T17:49:33","guid":{"rendered":"http:\/\/pnc.polegarmente.me\/?p=3837"},"modified":"2018-11-14T20:27:44","modified_gmt":"2018-11-14T20:27:44","slug":"abi-feijo-e-a-oficina-de-cinema-de-animacao-na-esa","status":"publish","type":"post","link":"http:\/\/pnc.polegarmente.me\/index.php\/2018\/11\/13\/abi-feijo-e-a-oficina-de-cinema-de-animacao-na-esa\/","title":{"rendered":"ABI FEIJ\u00d3 e a Oficina de Cinema de Anima\u00e7\u00e3o na ESA"},"content":{"rendered":"<p><a href=\"http:\/\/pnc.polegarmente.me\/wp-content\/uploads\/2018\/11\/DSC_0021.jpg\"><img loading=\"lazy\" class=\"  wp-image-3838 aligncenter\" src=\"http:\/\/pnc.polegarmente.me\/wp-content\/uploads\/2018\/11\/DSC_0021-1024x916.jpg\" alt=\"DSC_0021\" width=\"530\" height=\"474\" srcset=\"http:\/\/pnc.polegarmente.me\/wp-content\/uploads\/2018\/11\/DSC_0021-1024x916.jpg 1024w, http:\/\/pnc.polegarmente.me\/wp-content\/uploads\/2018\/11\/DSC_0021-300x268.jpg 300w, http:\/\/pnc.polegarmente.me\/wp-content\/uploads\/2018\/11\/DSC_0021.jpg 1304w\" sizes=\"(max-width: 530px) 100vw, 530px\" \/><\/a><\/p>\n<p style=\"text-align: justify;\">Est\u00e1 em gesta\u00e7\u00e3o, na escola Secund\u00e1ria de Amarante, um projeto ambicioso e extremamente &#8220;animado&#8221;, orientado pelo M\u00e1gico Abi Feij\u00f3 da Casa Museu de Vilar.<\/p>\n<p style=\"text-align: justify;\">[Um projeto da responsabilidade da Casa Museu de Vilar com as parcerias do Instituto de Cinema e Audiovisual (ICA), C\u00e2mara Muncipal de Amarante, Plano Nacional de Cinema da ESA e que integra alunos de \u00e1reas d\u00edspares como Artes Visuais, Ci\u00eancias e Tecnologias e L\u00ednguas e Humanidades e os professores Manuel Silva, L\u00facia Tom\u00e1z, M\u00e1rio Peixoto e Elsa Cerqueira. ]<\/p>\n<p><img loading=\"lazy\" class=\"  wp-image-3839 aligncenter\" src=\"http:\/\/pnc.polegarmente.me\/wp-content\/uploads\/2018\/11\/DSC_0046-1024x684.jpg\" alt=\"DSC_0046\" width=\"530\" height=\"354\" srcset=\"http:\/\/pnc.polegarmente.me\/wp-content\/uploads\/2018\/11\/DSC_0046-1024x684.jpg 1024w, http:\/\/pnc.polegarmente.me\/wp-content\/uploads\/2018\/11\/DSC_0046-300x201.jpg 300w, http:\/\/pnc.polegarmente.me\/wp-content\/uploads\/2018\/11\/DSC_0046-450x300.jpg 450w\" sizes=\"(max-width: 530px) 100vw, 530px\" \/><\/p>\n<p><img loading=\"lazy\" class=\"  wp-image-3841 aligncenter\" src=\"http:\/\/pnc.polegarmente.me\/wp-content\/uploads\/2018\/11\/DSC_0011-1024x684.jpg\" alt=\"DSC_0011\" width=\"531\" height=\"355\" srcset=\"http:\/\/pnc.polegarmente.me\/wp-content\/uploads\/2018\/11\/DSC_0011-1024x684.jpg 1024w, http:\/\/pnc.polegarmente.me\/wp-content\/uploads\/2018\/11\/DSC_0011-300x201.jpg 300w, http:\/\/pnc.polegarmente.me\/wp-content\/uploads\/2018\/11\/DSC_0011-450x300.jpg 450w\" sizes=\"(max-width: 531px) 100vw, 531px\" \/><\/p>\n<p><img loading=\"lazy\" class=\"  wp-image-3840 aligncenter\" src=\"http:\/\/pnc.polegarmente.me\/wp-content\/uploads\/2018\/11\/DSC_00041-1024x684.jpg\" alt=\"DSC_0004\" width=\"531\" height=\"355\" srcset=\"http:\/\/pnc.polegarmente.me\/wp-content\/uploads\/2018\/11\/DSC_00041-1024x684.jpg 1024w, http:\/\/pnc.polegarmente.me\/wp-content\/uploads\/2018\/11\/DSC_00041-300x201.jpg 300w, http:\/\/pnc.polegarmente.me\/wp-content\/uploads\/2018\/11\/DSC_00041-450x300.jpg 450w\" sizes=\"(max-width: 531px) 100vw, 531px\" \/><img loading=\"lazy\" class=\"  wp-image-3842 aligncenter\" src=\"http:\/\/pnc.polegarmente.me\/wp-content\/uploads\/2018\/11\/DSC_0034-1024x819.jpg\" alt=\"DSC_0034\" width=\"530\" height=\"424\" srcset=\"http:\/\/pnc.polegarmente.me\/wp-content\/uploads\/2018\/11\/DSC_0034-1024x819.jpg 1024w, http:\/\/pnc.polegarmente.me\/wp-content\/uploads\/2018\/11\/DSC_0034-300x240.jpg 300w\" sizes=\"(max-width: 530px) 100vw, 530px\" \/>\u00a0<a href=\"http:\/\/pnc.polegarmente.me\/wp-content\/uploads\/2018\/11\/logo-ESA.jpg\"><img loading=\"lazy\" class=\"  wp-image-3843 aligncenter\" src=\"http:\/\/pnc.polegarmente.me\/wp-content\/uploads\/2018\/11\/CasaMuseuVilar-702x1024.jpg\" alt=\"IMG_0673.JPG\" width=\"530\" height=\"773\" srcset=\"http:\/\/pnc.polegarmente.me\/wp-content\/uploads\/2018\/11\/CasaMuseuVilar-702x1024.jpg 702w, http:\/\/pnc.polegarmente.me\/wp-content\/uploads\/2018\/11\/CasaMuseuVilar-206x300.jpg 206w\" sizes=\"(max-width: 530px) 100vw, 530px\" \/><\/a><\/p>\n<p>&nbsp;<\/p>\n<p>&nbsp;<\/p>\n","protected":false},"excerpt":{"rendered":"<p>Est\u00e1 em gesta\u00e7\u00e3o, na escola Secund\u00e1ria de Amarante, um projeto ambicioso e extremamente &#8220;animado&#8221;, orientado pelo M\u00e1gico Abi Feij\u00f3 da Casa Museu de Vilar. [Um projeto da responsabilidade da Casa Museu de Vilar com as parcerias do Instituto de Cinema e Audiovisual (ICA), C\u00e2mara Muncipal de Amarante, Plano Nacional de Cinema da ESA e que [&hellip;]<\/p>\n","protected":false},"author":2,"featured_media":0,"comment_status":"open","ping_status":"open","sticky":false,"template":"","format":"standard","meta":[],"categories":[18,9],"tags":[],"_links":{"self":[{"href":"http:\/\/pnc.polegarmente.me\/index.php\/wp-json\/wp\/v2\/posts\/3837"}],"collection":[{"href":"http:\/\/pnc.polegarmente.me\/index.php\/wp-json\/wp\/v2\/posts"}],"about":[{"href":"http:\/\/pnc.polegarmente.me\/index.php\/wp-json\/wp\/v2\/types\/post"}],"author":[{"embeddable":true,"href":"http:\/\/pnc.polegarmente.me\/index.php\/wp-json\/wp\/v2\/users\/2"}],"replies":[{"embeddable":true,"href":"http:\/\/pnc.polegarmente.me\/index.php\/wp-json\/wp\/v2\/comments?post=3837"}],"version-history":[{"count":1,"href":"http:\/\/pnc.polegarmente.me\/index.php\/wp-json\/wp\/v2\/posts\/3837\/revisions"}],"predecessor-version":[{"id":3845,"href":"http:\/\/pnc.polegarmente.me\/index.php\/wp-json\/wp\/v2\/posts\/3837\/revisions\/3845"}],"wp:attachment":[{"href":"http:\/\/pnc.polegarmente.me\/index.php\/wp-json\/wp\/v2\/media?parent=3837"}],"wp:term":[{"taxonomy":"category","embeddable":true,"href":"http:\/\/pnc.polegarmente.me\/index.php\/wp-json\/wp\/v2\/categories?post=3837"},{"taxonomy":"post_tag","embeddable":true,"href":"http:\/\/pnc.polegarmente.me\/index.php\/wp-json\/wp\/v2\/tags?post=3837"}],"curies":[{"name":"wp","href":"https:\/\/api.w.org\/{rel}","templated":true}]}}