{"id":3812,"date":"2018-11-04T00:03:57","date_gmt":"2018-11-04T00:03:57","guid":{"rendered":"http:\/\/pnc.polegarmente.me\/?p=3812"},"modified":"2018-11-04T00:06:18","modified_gmt":"2018-11-04T00:06:18","slug":"os-lugares-que-nos-habitam","status":"publish","type":"post","link":"http:\/\/pnc.polegarmente.me\/index.php\/2018\/11\/04\/os-lugares-que-nos-habitam\/","title":{"rendered":"Os Lugares que nos Habitam"},"content":{"rendered":"<p><a href=\"http:\/\/pnc.polegarmente.me\/wp-content\/uploads\/2018\/11\/Os-Lugares-que-nos-habitam.jpg\"><img loading=\"lazy\" class=\"  wp-image-3813 aligncenter\" src=\"http:\/\/pnc.polegarmente.me\/wp-content\/uploads\/2018\/11\/Os-Lugares-que-nos-habitam.jpg\" alt=\"Os Lugares que nos habitam\" width=\"531\" height=\"398\" srcset=\"http:\/\/pnc.polegarmente.me\/wp-content\/uploads\/2018\/11\/Os-Lugares-que-nos-habitam.jpg 960w, http:\/\/pnc.polegarmente.me\/wp-content\/uploads\/2018\/11\/Os-Lugares-que-nos-habitam-300x225.jpg 300w\" sizes=\"(max-width: 531px) 100vw, 531px\" \/><\/a><\/p>\n<p style=\"text-align: justify;\">A quest\u00e3o \u00e9 se habitamos um lugar ou o lugar nos habita.\u00a0&#8220;Os lugares que nos habitam&#8221;. Lugares f\u00edsicos, reais ou imagin\u00e1rios. Creio que pode ser um espa\u00e7o, uma emo\u00e7\u00e3o desencadeada pela frui\u00e7\u00e3o de um livro, de um som, de um rosto, de um corpo. E o Outro \u00e9 um lugar tamb\u00e9m nosso? Quando \u00e9 que um n\u00e3o lugar se torna um lugar?<br \/>\nO Cinema \u00e9 um lugar-viagem, uma mem\u00f3ria deambulante. E qual \u00e9, afinal, o lugar deste lugar?<\/p>\n<p style=\"text-align: justify;\">Eis o tema do Plano Nacional de Cinema da ESA deste ano. E os filmes, dos v\u00e1rios g\u00e9neros, est\u00e3o selecionados, ainda que outros possam ser exibidos e n\u00e3o constem destes dois cartazes.<\/p>\n<p><img loading=\"lazy\" class=\"  wp-image-3814 aligncenter\" src=\"http:\/\/pnc.polegarmente.me\/wp-content\/uploads\/2018\/11\/Os-lugares-que-nos-habitam-2.jpg\" alt=\"Os lugares que nos habitam (2)\" width=\"664\" height=\"498\" srcset=\"http:\/\/pnc.polegarmente.me\/wp-content\/uploads\/2018\/11\/Os-lugares-que-nos-habitam-2.jpg 960w, http:\/\/pnc.polegarmente.me\/wp-content\/uploads\/2018\/11\/Os-lugares-que-nos-habitam-2-300x225.jpg 300w\" sizes=\"(max-width: 664px) 100vw, 664px\" \/><\/p>\n","protected":false},"excerpt":{"rendered":"<p>A quest\u00e3o \u00e9 se habitamos um lugar ou o lugar nos habita.\u00a0&#8220;Os lugares que nos habitam&#8221;. Lugares f\u00edsicos, reais ou imagin\u00e1rios. Creio que pode ser um espa\u00e7o, uma emo\u00e7\u00e3o desencadeada pela frui\u00e7\u00e3o de um livro, de um som, de um rosto, de um corpo. E o Outro \u00e9 um lugar tamb\u00e9m nosso? Quando \u00e9 que [&hellip;]<\/p>\n","protected":false},"author":2,"featured_media":0,"comment_status":"open","ping_status":"open","sticky":false,"template":"","format":"standard","meta":[],"categories":[24,6,3],"tags":[],"_links":{"self":[{"href":"http:\/\/pnc.polegarmente.me\/index.php\/wp-json\/wp\/v2\/posts\/3812"}],"collection":[{"href":"http:\/\/pnc.polegarmente.me\/index.php\/wp-json\/wp\/v2\/posts"}],"about":[{"href":"http:\/\/pnc.polegarmente.me\/index.php\/wp-json\/wp\/v2\/types\/post"}],"author":[{"embeddable":true,"href":"http:\/\/pnc.polegarmente.me\/index.php\/wp-json\/wp\/v2\/users\/2"}],"replies":[{"embeddable":true,"href":"http:\/\/pnc.polegarmente.me\/index.php\/wp-json\/wp\/v2\/comments?post=3812"}],"version-history":[{"count":5,"href":"http:\/\/pnc.polegarmente.me\/index.php\/wp-json\/wp\/v2\/posts\/3812\/revisions"}],"predecessor-version":[{"id":3819,"href":"http:\/\/pnc.polegarmente.me\/index.php\/wp-json\/wp\/v2\/posts\/3812\/revisions\/3819"}],"wp:attachment":[{"href":"http:\/\/pnc.polegarmente.me\/index.php\/wp-json\/wp\/v2\/media?parent=3812"}],"wp:term":[{"taxonomy":"category","embeddable":true,"href":"http:\/\/pnc.polegarmente.me\/index.php\/wp-json\/wp\/v2\/categories?post=3812"},{"taxonomy":"post_tag","embeddable":true,"href":"http:\/\/pnc.polegarmente.me\/index.php\/wp-json\/wp\/v2\/tags?post=3812"}],"curies":[{"name":"wp","href":"https:\/\/api.w.org\/{rel}","templated":true}]}}