{"id":3795,"date":"2018-11-03T22:34:14","date_gmt":"2018-11-03T22:34:14","guid":{"rendered":"http:\/\/pnc.polegarmente.me\/?p=3795"},"modified":"2018-11-03T22:56:00","modified_gmt":"2018-11-03T22:56:00","slug":"o-que-viu-luisa-carvalho-11-o-ct1-nas-curtas-de-debora-goncalves","status":"publish","type":"post","link":"http:\/\/pnc.polegarmente.me\/index.php\/2018\/11\/03\/o-que-viu-luisa-carvalho-11-o-ct1-nas-curtas-de-debora-goncalves\/","title":{"rendered":"O que viu Lu\u00edsa Carvalho (11.\u00ba CT1) nas curtas de D\u00e9bora Gon\u00e7alves?"},"content":{"rendered":"<p><a href=\"http:\/\/pnc.polegarmente.me\/wp-content\/uploads\/2018\/11\/DSC_0677.jpg\"><img loading=\"lazy\" class=\"  wp-image-3797 aligncenter\" src=\"http:\/\/pnc.polegarmente.me\/wp-content\/uploads\/2018\/11\/DSC_0677-1024x684.jpg\" alt=\"DSC_0677\" width=\"530\" height=\"354\" srcset=\"http:\/\/pnc.polegarmente.me\/wp-content\/uploads\/2018\/11\/DSC_0677-1024x684.jpg 1024w, http:\/\/pnc.polegarmente.me\/wp-content\/uploads\/2018\/11\/DSC_0677-300x201.jpg 300w, http:\/\/pnc.polegarmente.me\/wp-content\/uploads\/2018\/11\/DSC_0677-450x300.jpg 450w\" sizes=\"(max-width: 530px) 100vw, 530px\" \/><\/a><\/p>\n<p>Embora prefira a Escola no Cinema [Teixeira de Pascoaes], o Cinema tamb\u00e9m vai \u00e0 Escola com os seus criadores. Eis o testemunho de uma aluna, cuja turma integra pela primeira vez o Plano Nacional de Cinema:<\/p>\n<p style=\"text-align: justify;\">\u00abNa passada quinta-feira, dia 23, tive o prazer de ver, pela primeira vez, duas curtas metragens que mostram uma perspetiva completamente diferente da que tenho sobre o cinema!<\/p>\n<p style=\"text-align: justify;\"><img loading=\"lazy\" class=\"  wp-image-3796 aligncenter\" src=\"http:\/\/pnc.polegarmente.me\/wp-content\/uploads\/2018\/11\/DSC_0659-1024x684.jpg\" alt=\"DSC_0659\" width=\"531\" height=\"355\" srcset=\"http:\/\/pnc.polegarmente.me\/wp-content\/uploads\/2018\/11\/DSC_0659-1024x684.jpg 1024w, http:\/\/pnc.polegarmente.me\/wp-content\/uploads\/2018\/11\/DSC_0659-300x201.jpg 300w, http:\/\/pnc.polegarmente.me\/wp-content\/uploads\/2018\/11\/DSC_0659-450x300.jpg 450w\" sizes=\"(max-width: 531px) 100vw, 531px\" \/><\/p>\n<p style=\"text-align: justify;\">A primeira curta \u201cO cantinho dos artistas\u201d falou sobre um senhor, um artista neste caso, que sabia tocar viola e que, apesar do seu enorme talento e at\u00e9 uma vida repleta de bastantes viagens se limitava a tocar e a encantar um min\u00fasculo bar na Covilh\u00e3.<\/p>\n<p style=\"text-align: justify;\"><img loading=\"lazy\" class=\"  wp-image-3804 aligncenter\" src=\"http:\/\/pnc.polegarmente.me\/wp-content\/uploads\/2018\/11\/vlcsnap-2018-10-11-21h29m33s4651-1024x576.png\" alt=\"vlcsnap-2018-10-11-21h29m33s465\" width=\"530\" height=\"298\" srcset=\"http:\/\/pnc.polegarmente.me\/wp-content\/uploads\/2018\/11\/vlcsnap-2018-10-11-21h29m33s4651-1024x576.png 1024w, http:\/\/pnc.polegarmente.me\/wp-content\/uploads\/2018\/11\/vlcsnap-2018-10-11-21h29m33s4651-300x169.png 300w, http:\/\/pnc.polegarmente.me\/wp-content\/uploads\/2018\/11\/vlcsnap-2018-10-11-21h29m33s4651.png 1920w\" sizes=\"(max-width: 530px) 100vw, 530px\" \/><\/p>\n<p style=\"text-align: justify;\"><a href=\"http:\/\/pnc.polegarmente.me\/wp-content\/uploads\/2018\/11\/vlcsnap-2018-10-11-21h30m02s363.png\"><img loading=\"lazy\" class=\"  wp-image-3805 aligncenter\" src=\"http:\/\/pnc.polegarmente.me\/wp-content\/uploads\/2018\/11\/vlcsnap-2018-10-11-21h30m02s363-1024x576.png\" alt=\"vlcsnap-2018-10-11-21h30m02s363\" width=\"532\" height=\"299\" srcset=\"http:\/\/pnc.polegarmente.me\/wp-content\/uploads\/2018\/11\/vlcsnap-2018-10-11-21h30m02s363-1024x576.png 1024w, http:\/\/pnc.polegarmente.me\/wp-content\/uploads\/2018\/11\/vlcsnap-2018-10-11-21h30m02s363-300x169.png 300w, http:\/\/pnc.polegarmente.me\/wp-content\/uploads\/2018\/11\/vlcsnap-2018-10-11-21h30m02s363.png 1920w\" sizes=\"(max-width: 532px) 100vw, 532px\" \/><\/a><\/p>\n<p style=\"text-align: justify;\">A segunda curta metragem, e na minha opini\u00e3o mais dif\u00edcil de interpretar abordou o que n\u00f3s, os humanos, estamos atualmente a fazer ao nosso mundo. Esta \u00faltima \u00e9 conjugada por v\u00e1rios momentos de m\u00fasica, imagens e algumas frases que nos tentam elucidar.<\/p>\n<p style=\"text-align: justify;\"><img loading=\"lazy\" class=\"  wp-image-3806 aligncenter\" src=\"http:\/\/pnc.polegarmente.me\/wp-content\/uploads\/2018\/11\/vlcsnap-2018-10-14-19h42m45s581-1-1024x576.png\" alt=\"vlcsnap-2018-10-14-19h42m45s581 (1)\" width=\"530\" height=\"298\" srcset=\"http:\/\/pnc.polegarmente.me\/wp-content\/uploads\/2018\/11\/vlcsnap-2018-10-14-19h42m45s581-1-1024x576.png 1024w, http:\/\/pnc.polegarmente.me\/wp-content\/uploads\/2018\/11\/vlcsnap-2018-10-14-19h42m45s581-1-300x169.png 300w, http:\/\/pnc.polegarmente.me\/wp-content\/uploads\/2018\/11\/vlcsnap-2018-10-14-19h42m45s581-1.png 1920w\" sizes=\"(max-width: 530px) 100vw, 530px\" \/><img loading=\"lazy\" class=\"  wp-image-3807 aligncenter\" src=\"http:\/\/pnc.polegarmente.me\/wp-content\/uploads\/2018\/11\/vlcsnap-2018-10-14-19h42m59s306-1024x576.png\" alt=\"vlcsnap-2018-10-14-19h42m59s306\" width=\"530\" height=\"298\" srcset=\"http:\/\/pnc.polegarmente.me\/wp-content\/uploads\/2018\/11\/vlcsnap-2018-10-14-19h42m59s306-1024x576.png 1024w, http:\/\/pnc.polegarmente.me\/wp-content\/uploads\/2018\/11\/vlcsnap-2018-10-14-19h42m59s306-300x169.png 300w, http:\/\/pnc.polegarmente.me\/wp-content\/uploads\/2018\/11\/vlcsnap-2018-10-14-19h42m59s306.png 1920w\" sizes=\"(max-width: 530px) 100vw, 530px\" \/><a href=\"http:\/\/pnc.polegarmente.me\/wp-content\/uploads\/2018\/11\/DSC_0641.jpg\"><img loading=\"lazy\" class=\"  wp-image-3798 aligncenter\" src=\"http:\/\/pnc.polegarmente.me\/wp-content\/uploads\/2018\/11\/DSC_0641-684x1024.jpg\" alt=\"DSC_0641\" width=\"529\" height=\"792\" srcset=\"http:\/\/pnc.polegarmente.me\/wp-content\/uploads\/2018\/11\/DSC_0641-684x1024.jpg 684w, http:\/\/pnc.polegarmente.me\/wp-content\/uploads\/2018\/11\/DSC_0641-201x300.jpg 201w, http:\/\/pnc.polegarmente.me\/wp-content\/uploads\/2018\/11\/DSC_0641.jpg 2000w\" sizes=\"(max-width: 529px) 100vw, 529px\" \/><\/a><\/p>\n<p style=\"text-align: justify;\">No final, estivemos com a rec\u00e9m-licenciada \u00a0realizadora, D\u00e9bora Gon\u00e7alves, num pequeno debate, n\u00f3s coloc\u00e1vamos as nossas d\u00favidas ou curiosidades e ela tentava responder. Este \u00faltimo momento ajudou tamb\u00e9m a perceber o verdadeiro significado do cinema nas nossas vidas.\u00a0<a href=\"http:\/\/pnc.polegarmente.me\/wp-content\/uploads\/2018\/11\/DSC_06982.jpg\"><img loading=\"lazy\" class=\"  wp-image-3802 aligncenter\" src=\"http:\/\/pnc.polegarmente.me\/wp-content\/uploads\/2018\/11\/DSC_06982-1024x877.jpg\" alt=\"DSC_0698\" width=\"536\" height=\"459\" srcset=\"http:\/\/pnc.polegarmente.me\/wp-content\/uploads\/2018\/11\/DSC_06982-1024x877.jpg 1024w, http:\/\/pnc.polegarmente.me\/wp-content\/uploads\/2018\/11\/DSC_06982-300x257.jpg 300w\" sizes=\"(max-width: 536px) 100vw, 536px\" \/><\/a><\/p>\n<p style=\"text-align: justify;\">Nunca antes tinha tido uma experi\u00eancia assim, ou seja, assistir a este tipo de \u00a0curtas metragens, estava habituada a filmes longos (longas metragens), \u00a0chamados de \u201cfilmes comerciais\u201d em que n\u00e3o precisamos muito de pensar ou refletir sobre os mesmos. Desta vez foi diferente. Deparei-me, com duas metragens de poucos minutos a serem mais dif\u00edceis de perceber do que filmes que j\u00e1 vira com duas ou tr\u00eas horas. A mensagem, a inten\u00e7\u00e3o, a forma (luzes e planos) como foram gravadas as imagens eram uma novidade para mim. Apesar destes obst\u00e1culos que me dificultaram a compreens\u00e3o da curta, posso dizer que adorei a experi\u00eancia. Para al\u00e9m de ter aberto os meus horizontes em termos cinematogr\u00e1ficos, falar com a\u00a0 realizadora, todo esse ambiente fez-me perceber que afinal o Cinema \u00e9 algo completamente diferente do que pens\u00e1mos e que, principalmente, este tipo de cinema \u00e9, na realidade, interessante e cativador.<\/p>\n<p>Lu\u00edsa De Carvalho 11.\u00ba CT1\u00bb<\/p>\n","protected":false},"excerpt":{"rendered":"<p>Embora prefira a Escola no Cinema [Teixeira de Pascoaes], o Cinema tamb\u00e9m vai \u00e0 Escola com os seus criadores. Eis o testemunho de uma aluna, cuja turma integra pela primeira vez o Plano Nacional de Cinema: \u00abNa passada quinta-feira, dia 23, tive o prazer de ver, pela primeira vez, duas curtas metragens que mostram uma [&hellip;]<\/p>\n","protected":false},"author":2,"featured_media":0,"comment_status":"open","ping_status":"open","sticky":false,"template":"","format":"standard","meta":[],"categories":[21],"tags":[],"_links":{"self":[{"href":"http:\/\/pnc.polegarmente.me\/index.php\/wp-json\/wp\/v2\/posts\/3795"}],"collection":[{"href":"http:\/\/pnc.polegarmente.me\/index.php\/wp-json\/wp\/v2\/posts"}],"about":[{"href":"http:\/\/pnc.polegarmente.me\/index.php\/wp-json\/wp\/v2\/types\/post"}],"author":[{"embeddable":true,"href":"http:\/\/pnc.polegarmente.me\/index.php\/wp-json\/wp\/v2\/users\/2"}],"replies":[{"embeddable":true,"href":"http:\/\/pnc.polegarmente.me\/index.php\/wp-json\/wp\/v2\/comments?post=3795"}],"version-history":[{"count":4,"href":"http:\/\/pnc.polegarmente.me\/index.php\/wp-json\/wp\/v2\/posts\/3795\/revisions"}],"predecessor-version":[{"id":3811,"href":"http:\/\/pnc.polegarmente.me\/index.php\/wp-json\/wp\/v2\/posts\/3795\/revisions\/3811"}],"wp:attachment":[{"href":"http:\/\/pnc.polegarmente.me\/index.php\/wp-json\/wp\/v2\/media?parent=3795"}],"wp:term":[{"taxonomy":"category","embeddable":true,"href":"http:\/\/pnc.polegarmente.me\/index.php\/wp-json\/wp\/v2\/categories?post=3795"},{"taxonomy":"post_tag","embeddable":true,"href":"http:\/\/pnc.polegarmente.me\/index.php\/wp-json\/wp\/v2\/tags?post=3795"}],"curies":[{"name":"wp","href":"https:\/\/api.w.org\/{rel}","templated":true}]}}